{"id":11918,"date":"2023-05-11T12:08:06","date_gmt":"2023-05-11T12:08:06","guid":{"rendered":"https:\/\/dekkbi.com\/?p=11918"},"modified":"2023-05-11T12:08:08","modified_gmt":"2023-05-11T12:08:08","slug":"mauritanie-un-scrutin-test-a-un-an-de-la-presidentielle","status":"publish","type":"post","link":"https:\/\/dekkbi.com\/?p=11918","title":{"rendered":"Mauritanie: un scrutin test \u00e0 un an de la pr\u00e9sidentielle"},"content":{"rendered":"\n<p><strong>Les Mauritaniens se rendent aux urnes samedi pour des \u00e9lections l\u00e9gislatives et locales qui constituent un test pour le pr\u00e9sident Mohamed Ould Cheikh El Ghazouani \u00e0 un an de la pr\u00e9sidentielle.<\/strong><\/p>\n\n\n\n<p>Vingt-cinq formations se disputent le vote de quelque 1,8 million d\u2019\u00e9lecteurs dans ce premier scrutin depuis que M. Ghazouani a pris en 2019 la t\u00eate de ce vaste pays aride d\u2019<strong>Afrique de l\u2019Ouest<\/strong>&nbsp;reconnu comme l\u2019un des rares p\u00f4les de stabilit\u00e9 au&nbsp;<strong>Sahel<\/strong>, r\u00e9gion troubl\u00e9e par les&nbsp;<strong>attaques djihadistes<\/strong>.<\/p>\n\n\n\n<p>Les Mauritaniens doivent \u00e9lire 176 d\u00e9put\u00e9s, 15 conseils r\u00e9gionaux et 238 conseils municipaux. Un second tour est pr\u00e9vu le 27 mai pour la moiti\u00e9 des 176 si\u00e8ges de l\u2019Assembl\u00e9e. Les r\u00e9sultats officiels des \u00e9lections pourraient \u00eatre communiqu\u00e9s dans les 48 heures suivant le scrutin.<\/p>\n\n\n\n<p>Le parti de la majorit\u00e9 pr\u00e9sidentielle,&nbsp;<strong>El Insaf<\/strong>, part largement favori puisqu\u2019il est le seul \u00e0 pr\u00e9senter des candidats dans toutes les circonscriptions, notamment en zone rurale.&nbsp;<em>\u00ab&nbsp;El Insaf va s\u00e9curiser une majorit\u00e9 dans toutes les \u00e9lections et le pr\u00e9sident Ghazouani va renforcer ses chances d\u2019\u00eatre r\u00e9\u00e9lu en 2024&nbsp;\u00bb<\/em>, estime Adam Hilelly, analyste au sein de&nbsp;<strong>14 North Strategies<\/strong>, entreprise am\u00e9ricaine de conseils sp\u00e9cialis\u00e9e sur l\u2019Afrique.<\/p>\n\n\n\n<h2 class=\"wp-block-heading\">Second mandat<\/h2>\n\n\n\n<p>M. Ghazouani, 66 ans, g\u00e9n\u00e9ral consid\u00e9r\u00e9 comme l\u2019un des grands artisans de la r\u00e9ussite mauritanienne face au djihadisme depuis 2011 dans ses anciennes fonctions de chef de l\u2019arm\u00e9e, s\u2019est gard\u00e9 de s\u2019exprimer sur l\u2019\u00e9ventualit\u00e9 de briguer un second mandat. Mais sa candidature est consid\u00e9r\u00e9e comme une \u00e9vidence en&nbsp;<strong>Mauritanie<\/strong>.<\/p>\n\n\n\n<p>Les principaux challengers d\u2019El Insaf sont le mouvement islamiste&nbsp;<strong>Tewassoul<\/strong>, premier parti d\u2019opposition dans l\u2019Assembl\u00e9e sortante, et le&nbsp;<strong>Sawab<\/strong>, d\u2019ob\u00e9dience nationaliste arabe, qui profite d\u2019une alliance avec le militant anti-esclavagiste&nbsp;<strong>Biram Dah Abeid<\/strong>, deuxi\u00e8me de la derni\u00e8re pr\u00e9sidentielle, dont la formation n\u2019est pas autoris\u00e9e.<\/p>\n\n\n\n<p>Les autres partis sont absents d\u2019une grande partie des circonscriptions et ne peuvent constituer une menace pour le parti au pouvoir qui disposait d\u2019une majorit\u00e9 confortable dans la pr\u00e9c\u00e9dente Assembl\u00e9e.<\/p>\n\n\n\n<p>Les pr\u00e9sidents mauritaniens ont toujours compt\u00e9 sur une forte majorit\u00e9 \u00e0 l\u2019Assembl\u00e9e depuis l\u2019instauration du multipartisme en 1991.<\/p>\n\n\n\n<p>La campagne bat son plein depuis le 27 avril \u00e0 Nouakchott o\u00f9 les principales formations ont dress\u00e9 de grandes tentes qui prennent vie le soir, avec des discours de militants, des concerts et des danses traditionnelles.<\/p>\n\n\n\n<h2 class=\"wp-block-heading\">Les chances de l\u2019opposition<\/h2>\n\n\n\n<p><em>\u00ab&nbsp;C\u2019est le parti du pr\u00e9sident, sa politique sociale et son projet \u00e9conomique pour la Mauritanie qui constituent une source de fiert\u00e9 pour nous et nous le soutenons en cons\u00e9quence&nbsp;\u00bb<\/em>, confie \u00e0 l\u2019AFP Mohamed Ould Chennan, 60 ans, \u00e9conomiste.<\/p>\n\n\n\n<p>Autre ambiance dans le quartier populaire de&nbsp;<strong>Dar Nain<\/strong>&nbsp;qui croit aux chances de l\u2019opposition.&nbsp;<em>\u00ab&nbsp;Je soutiens Biram le champion de la lutte pour l\u2019\u00e9mancipation des noirs. Son discours, son dynamisme, son engagement me conviennent&nbsp;\u00bb<\/em>, explique Amadou Mamadou, 35 ans, enseignant.<\/p>\n\n\n\n<p>Biram Dah Abeid est un opposant historique qui milite pour les descendants d\u2019esclaves, communaut\u00e9 \u00e0 laquelle il appartient dans un pays \u00e0 la population h\u00e9t\u00e9rog\u00e8ne se partageant entre Maures arabo-berb\u00e8res, descendants d\u2019esclaves, et groupes d\u2019origine subsaharienne.<\/p>\n\n\n\n<p>Dans le sud de&nbsp;<strong>Nouakchott<\/strong>, fief des&nbsp;<strong>islamistes<\/strong>&nbsp;de Tawassoul, c\u2019est le r\u00eave de victoire et d\u2019application stricte de la&nbsp;<strong>loi islamique<\/strong>&nbsp;qui domine.&nbsp;<em>\u00ab&nbsp;Elle cr\u00e9era la richesse et redonnera espoir au pays&nbsp;\u00bb<\/em>, estime Brahim Ould Saleck, 28 ans, commer\u00e7ant.<\/p>\n\n\n\n<h2 class=\"wp-block-heading\">Consensus<\/h2>\n\n\n\n<p>La campagne s\u2019est d\u00e9roul\u00e9e dans un climat apais\u00e9. Un dialogue entre l\u2019opposition et le pouvoir en d\u00e9but d\u2019ann\u00e9e a permis d\u2019aboutir \u00e0 un&nbsp;<strong>consensus sur l\u2019organisation des scrutins<\/strong>.<\/p>\n\n\n\n<p><em>\u00ab&nbsp;Il s\u2019agit de la premi\u00e8re \u00e9lection qui se tient dans un climat de consensus g\u00e9n\u00e9ral entre toutes les forces politiques du pays&nbsp;\u00bb<\/em>, a d\u00e9clar\u00e9 le pr\u00e9sident dans un message \u00e0 la veille du lancement de la campagne, en vantant le bilan de ses quatre ann\u00e9es de pouvoir.<\/p>\n\n\n\n<p>Apr\u00e8s un&nbsp;<strong>ralentissement \u00e9conomique<\/strong>&nbsp;d\u00fb \u00e0 la&nbsp;<strong>pand\u00e9mie de Covid-19<\/strong>&nbsp;puis la guerre en Ukraine, M. Ghazouani s\u2019est fix\u00e9 la lutte contre la pauvret\u00e9 comme l\u2019une de ses priorit\u00e9s. Il a men\u00e9 un programme social ambitieux comprenant des&nbsp;<strong>distributions de nourriture<\/strong>&nbsp;et d\u2019argent aux plus d\u00e9munis.<\/p>\n\n\n\n<p>Si les perspectives \u00e9conomiques sont bonnes, le pays est touch\u00e9 par une\u00a0<strong>inflation<\/strong>\u00a0estim\u00e9e \u00e0 9,5% en 2022 par la\u00a0<strong>Banque mondiale<\/strong>. La hausse du co\u00fbt de la vie est l\u2019une des pr\u00e9occupations principales des \u00e9lecteurs.<\/p>\n\n\n\n<p><\/p>\n\n\n\n<p>SOURCE SUDQUOTIDIEN<\/p>\n","protected":false},"excerpt":{"rendered":"<p>Les Mauritaniens se rendent aux urnes samedi pour des \u00e9lections l\u00e9gislatives et locales qui constituent un test pour le pr\u00e9sident<\/p>\n","protected":false},"author":1,"featured_media":11919,"comment_status":"open","ping_status":"open","sticky":false,"template":"","format":"standard","meta":{"footnotes":""},"categories":[51],"tags":[],"class_list":["post-11918","post","type-post","status-publish","format-standard","has-post-thumbnail","hentry","category-general"],"_links":{"self":[{"href":"https:\/\/dekkbi.com\/index.php?rest_route=\/wp\/v2\/posts\/11918","targetHints":{"allow":["GET"]}}],"collection":[{"href":"https:\/\/dekkbi.com\/index.php?rest_route=\/wp\/v2\/posts"}],"about":[{"href":"https:\/\/dekkbi.com\/index.php?rest_route=\/wp\/v2\/types\/post"}],"author":[{"embeddable":true,"href":"https:\/\/dekkbi.com\/index.php?rest_route=\/wp\/v2\/users\/1"}],"replies":[{"embeddable":true,"href":"https:\/\/dekkbi.com\/index.php?rest_route=%2Fwp%2Fv2%2Fcomments&post=11918"}],"version-history":[{"count":1,"href":"https:\/\/dekkbi.com\/index.php?rest_route=\/wp\/v2\/posts\/11918\/revisions"}],"predecessor-version":[{"id":11920,"href":"https:\/\/dekkbi.com\/index.php?rest_route=\/wp\/v2\/posts\/11918\/revisions\/11920"}],"wp:featuredmedia":[{"embeddable":true,"href":"https:\/\/dekkbi.com\/index.php?rest_route=\/wp\/v2\/media\/11919"}],"wp:attachment":[{"href":"https:\/\/dekkbi.com\/index.php?rest_route=%2Fwp%2Fv2%2Fmedia&parent=11918"}],"wp:term":[{"taxonomy":"category","embeddable":true,"href":"https:\/\/dekkbi.com\/index.php?rest_route=%2Fwp%2Fv2%2Fcategories&post=11918"},{"taxonomy":"post_tag","embeddable":true,"href":"https:\/\/dekkbi.com\/index.php?rest_route=%2Fwp%2Fv2%2Ftags&post=11918"}],"curies":[{"name":"wp","href":"https:\/\/api.w.org\/{rel}","templated":true}]}}