{"id":11900,"date":"2023-05-11T11:21:25","date_gmt":"2023-05-11T11:21:25","guid":{"rendered":"https:\/\/dekkbi.com\/?p=11900"},"modified":"2023-05-11T11:21:25","modified_gmt":"2023-05-11T11:21:25","slug":"refus-de-la-majorite-des-acteurs-de-lopposition-de-sa-main-tendue-macky-sall-contraint-a-un-dialogue-a-trois","status":"publish","type":"post","link":"https:\/\/dekkbi.com\/?p=11900","title":{"rendered":"Refus de la majorit\u00e9 des acteurs de l\u2019opposition de sa main tendue: Macky Sall contraint \u00e0 un dialogue \u00e0 trois ?"},"content":{"rendered":"\n<p><strong>Lanc\u00e9 par le pr\u00e9sident, Macky Sall, lors de son discours \u00e0 la nation de fin d\u2019ann\u00e9e et r\u00e9affirm\u00e9 le 3 avril dernier et le jour de la f\u00eate de l\u2019A\u00efd el-Fitr (Korit\u00e9), le dialogue politique est loin de faire l\u2019unanimit\u00e9. Aujourd\u2019hui, dans le camp de l\u2019opposition, seuls le Parti d\u00e9mocratique s\u00e9n\u00e9galais (Pds) et le mouvement Taxawu Ndakaru de l\u2019ancien maire de Dakar, Khalifa Ababacar Sall, ont pour le moment r\u00e9pondu favorablement \u00e0 cette main tendue du chef de l\u2019Etat.<\/strong><\/p>\n\n\n\n<p>Va-t-on vers un dialogue politique \u00e0 trois&nbsp;? En tout cas, lanc\u00e9 par le pr\u00e9sident Macky Sall lors de son discours \u00e0 la nation de fin d\u2019ann\u00e9e et r\u00e9affirm\u00e9 le 3 avril dernier et le jour de la f\u00eate de l\u2019A\u00efd el-Fitr (Korit\u00e9), le dialogue politique dont le but est d\u2019apaiser la tension politique qui r\u00e8gne depuis quelques temps dans le pays est loin de faire l\u2019unanimit\u00e9. Aujourd\u2019hui, dans le camp de l\u2019opposition, seuls le Parti d\u00e9mocratique s\u00e9n\u00e9galais (Pds) et le mouvement Taxawu Ndakaru de l\u2019ancien maire de Dakar, Khalifa Ababacar Sall, ont pour le moment r\u00e9pondu favorablement \u00e0 cette main tendue du chef de l\u2019Etat. Une situation qui laisse pr\u00e9sager que nous allons tout droit vers un dialogue politique \u00e0 trois, entre le camp du pouvoir en place, les repr\u00e9sentants des lib\u00e9raux et Khalifa Ababacar Sall et ses camarades.<\/p>\n\n\n\n<p>En effet, \u00e0 l\u2019exception de ces deux entit\u00e9s, la plupart des leaders de l\u2019opposition ont d\u00e9clin\u00e9 cet appel au dialogue du chef de l\u2019Etat. Pour eux, ce dialogue ne vise pas l\u2019apaisement du climat de tensions politique actuel et \u00e0 permettre une bonne organisation de la prochaine \u00e9lection pr\u00e9sidentielle qui devrait \u00eatre ouverte \u00e0 tous les candidats, sauf l\u2019actuel chef de l\u2019Etat. Ils accusent Macky Sall de man\u0153uvrer pour fragiliser et diviser l\u2019opposition, dans le but de&nbsp;<em>\u00abl\u00e9galiser sa 3<sup>\u00e8me<\/sup>&nbsp;candidature anticonstitutionnelle\u00bb.<\/em><\/p>\n\n\n\n<p>Parmi ces acteurs de l\u2019opposition, nous pouvons citer, entre autres, Boubacar Camara du Parti de la construction et de la solidarit\u00e9\/ Jengu Tabax, Mamadou Lamine Diallo, pr\u00e9sident du mouvement Tekki, D\u00e9thi\u00e9 Fall, leader du Parti r\u00e9publicain pour le progr\u00e8s (Prp), Malick Gakou du Grand parti, Cheikh Tidiane Dieye&nbsp; de la plateforme Avenir S\u00e9n\u00e9gal Bi \u00d1u B\u00ebgg,&nbsp;Cheikh Tidiane&nbsp;Youm du Parti de l\u2019unit\u00e9 et du rassemblement (Pur)&nbsp;et Aminata Tour\u00e9 du mouvement&nbsp;<em>\u00abMimi 2024\u00bb<\/em>, de m\u00eame qu\u2019Ousmane Sonko de Pastef et A\u00efda Mbodj, pour ne citer que ceux-l\u00e0.<\/p>\n\n\n\n<p>Face \u00e0 la presse, le mercredi 3 mai dernier, la nouvelle plateforme&nbsp;<em>\u00abdes Forces vives de la Nation \u2013 F24\u00bb&nbsp;<\/em>qui regroupe plus d\u2019une centaine de partis politiques et d\u2019organisations de la soci\u00e9t\u00e9 civile, a indiqu\u00e9, au sujet de ce dialogue, qu\u2019elle n\u2019est<em>&nbsp;\u00abpas concern\u00e9e\u00bb.<\/em>&nbsp;Pour leur part, Dr Babacar Diop et ses camarades des Forces d\u00e9mocratiques du S\u00e9n\u00e9gal-Les Guelwaars, exigent au pr\u00e9alable&nbsp;<em>\u00abla lib\u00e9ration de tous les d\u00e9tenus politiques et d\u2019opinion\u00bb.<\/em><\/p>\n\n\n\n<p>Il faut rappeler que l\u2019actuel de chef de l\u2019Etat a d\u00e9j\u00e0 initi\u00e9 deux dialogues politiques, depuis son av\u00e8nement \u00e0 la t\u00eate du pouvoir ex\u00e9cutif, le 25 mars 2012. Le premier dialogue, tenu le 28 mai 2016, au lendemain du r\u00e9f\u00e9rendum avec la participation d\u2019une partie de l\u2019opposition, avait abouti \u00e0 la lib\u00e9ration, par gr\u00e2ce pr\u00e9sidentielle, de Karim Wade, dans la nuit du 24 juin de la m\u00eame ann\u00e9e. Cependant, les autres points \u00e9voqu\u00e9s par l\u2019opposition lors de ces concertations dont la nomination d\u2019un ministre de l\u2019Int\u00e9rieur non partisan, la promesse du pr\u00e9sident Sall d\u2019institutionnaliser le dialogue politique n\u2019ont pas \u00e9t\u00e9 respect\u00e9s.<\/p>\n\n\n\n<p>Au contraire, le chef de l\u2019Etat a fait adopter, par une majorit\u00e9 parlementaire qui lui \u00e9tait favorable, de nouvelles dispositions dans le Code \u00e9lectoral tels le&nbsp;<em>\u00abterme candidat-\u00e9lecteur\u00bb<\/em>&nbsp;mais aussi la g\u00e9n\u00e9ralisation du parrainage citoyen \u00e0 tous les candidats. Ces nouvelles dispositions ont \u00e9t\u00e9 \u00e0 l\u2019origine de l\u2019invalidation des candidatures de plusieurs responsables de l\u2019opposition lors de la pr\u00e9sidentielle de 2019.<\/p>\n\n\n\n<p>Justement, en 2019, \u00e0 la suite de sa r\u00e9\u00e9lection au premier tour, contest\u00e9e par tous les quatre autres candidats de l\u2019opposition qui \u00e9taient en comp\u00e9tition avec lui, Macky Sall est \u00e0 nouveau mont\u00e9 au cr\u00e9neau, lors de sa prestation de serment, pour lancer un nouvel appel au dialogue national. Tenu le 28 mai 2019, ce dialogue avait \u00e9t\u00e9 \u00e9galement boycott\u00e9 par une grande partie des formations membres du Front de r\u00e9sistance nationale (Frn) dont le Parti d\u00e9mocratique s\u00e9n\u00e9galais, le Rewmi d\u2019Idrissa Seck et le Pastef d\u2019Ousmane Sonko.<\/p>\n\n\n\n<p>Toutefois, m\u00eame si ce dialogue a abouti \u00e0 la formation d\u2019un nouveau gouvernement \u00e9largi \u00e0 certains partis de l\u2019opposition dont le Rewmi et le Parti des Lib\u00e9raux&nbsp;et D\u00e9mocrates\/\u00c0nd Suqali de l\u2019ex-num\u00e9ro 2 du Pds, Oumar Sarr mais aussi la mise en place d\u2019un Comit\u00e9 de pilotage du&nbsp;dialogue&nbsp;national, confi\u00e9 \u00e0 Famara Ibrahima Sagna, beaucoup de points de revendications sont rest\u00e9s en \u00e9tat.<\/p>\n\n\n\n<p><strong>Nando Cabral GOMIS<\/strong><\/p>\n\n\n\n<p>SUDQUOTIDIEN<\/p>\n","protected":false},"excerpt":{"rendered":"<p>Lanc\u00e9 par le pr\u00e9sident, Macky Sall, lors de son discours \u00e0 la nation de fin d\u2019ann\u00e9e et r\u00e9affirm\u00e9 le 3<\/p>\n","protected":false},"author":1,"featured_media":11901,"comment_status":"open","ping_status":"open","sticky":false,"template":"","format":"standard","meta":{"footnotes":""},"categories":[6],"tags":[],"class_list":["post-11900","post","type-post","status-publish","format-standard","has-post-thumbnail","hentry","category-politics"],"_links":{"self":[{"href":"https:\/\/dekkbi.com\/index.php?rest_route=\/wp\/v2\/posts\/11900","targetHints":{"allow":["GET"]}}],"collection":[{"href":"https:\/\/dekkbi.com\/index.php?rest_route=\/wp\/v2\/posts"}],"about":[{"href":"https:\/\/dekkbi.com\/index.php?rest_route=\/wp\/v2\/types\/post"}],"author":[{"embeddable":true,"href":"https:\/\/dekkbi.com\/index.php?rest_route=\/wp\/v2\/users\/1"}],"replies":[{"embeddable":true,"href":"https:\/\/dekkbi.com\/index.php?rest_route=%2Fwp%2Fv2%2Fcomments&post=11900"}],"version-history":[{"count":1,"href":"https:\/\/dekkbi.com\/index.php?rest_route=\/wp\/v2\/posts\/11900\/revisions"}],"predecessor-version":[{"id":11902,"href":"https:\/\/dekkbi.com\/index.php?rest_route=\/wp\/v2\/posts\/11900\/revisions\/11902"}],"wp:featuredmedia":[{"embeddable":true,"href":"https:\/\/dekkbi.com\/index.php?rest_route=\/wp\/v2\/media\/11901"}],"wp:attachment":[{"href":"https:\/\/dekkbi.com\/index.php?rest_route=%2Fwp%2Fv2%2Fmedia&parent=11900"}],"wp:term":[{"taxonomy":"category","embeddable":true,"href":"https:\/\/dekkbi.com\/index.php?rest_route=%2Fwp%2Fv2%2Fcategories&post=11900"},{"taxonomy":"post_tag","embeddable":true,"href":"https:\/\/dekkbi.com\/index.php?rest_route=%2Fwp%2Fv2%2Ftags&post=11900"}],"curies":[{"name":"wp","href":"https:\/\/api.w.org\/{rel}","templated":true}]}}