{"id":11892,"date":"2023-05-11T11:04:41","date_gmt":"2023-05-11T11:04:41","guid":{"rendered":"https:\/\/dekkbi.com\/?p=11892"},"modified":"2023-05-11T11:04:42","modified_gmt":"2023-05-11T11:04:42","slug":"donnees-personnelles-au-senegal-un-rapport-releve-des-insuffisances-liees-a-la-non-maitrise-des-usages","status":"publish","type":"post","link":"https:\/\/dekkbi.com\/?p=11892","title":{"rendered":"Donn\u00e9es personnelles au S\u00e9n\u00e9gal : Un rapport rel\u00e8ve des insuffisances li\u00e9es \u00e0 la non-ma\u00eetrise des usages"},"content":{"rendered":"\n<p><strong>Une \u00e9tude intitul\u00e9e \u00ab Renforcer la protection des donn\u00e9es personnelles en Afrique : vers un syst\u00e8me harmonis\u00e9 et efficient \u00bb et qui s\u2019est port\u00e9e sur le S\u00e9n\u00e9gal fait \u00e9tat d\u2019insuffisances li\u00e9es \u00e0 la non-ma\u00eetrise des usages des donn\u00e9es personnelles, \u00e0 la qualit\u00e9 de la norme ou \u00e0 la performance des institutions de mise en \u0153uvre du cadre juridique.&nbsp;<\/strong><\/p>\n\n\n\n<p>La protection et la gouvernance des donn\u00e9es personnelles sont devenues, aujourd\u2019hui, un enjeu mondial. C\u2019est m\u00eame l\u2019\u00e9pine dorsale de la transformation num\u00e9rique. Dans une nouvelle \u00e9tude du Laboratoire d\u2019analyse des soci\u00e9t\u00e9s et pouvoirs\/Afrique-Diasporas (Laspad) de l\u2019Universit\u00e9 Gaston Berger de Saint-Louis, des experts et chercheurs rel\u00e8vent des insuffisances par rapport \u00e0 la non-ma\u00eetrise des usages des donn\u00e9es personnelles, \u00e0 la qualit\u00e9 de la norme ou \u00e0 la performance des institutions de mise en \u0153uvre du cadre juridique. Ce rapport, intitul\u00e9 \u00ab Renforcer la protection des donn\u00e9es personnelles en Afrique : vers un syst\u00e8me harmonis\u00e9 et efficient \u00bb, porte sp\u00e9cifiquement sur le S\u00e9n\u00e9gal. \u00ab L\u2019efficacit\u00e9 du cadre normatif de la r\u00e9gulation est fortement tributaire de la performance des institutions de mise en \u0153uvre. Or, au S\u00e9n\u00e9gal, le cadre institutionnel de r\u00e9gulation est compos\u00e9 de plusieurs acteurs publics et priv\u00e9s dont la collaboration ressortit peu d\u2019une strat\u00e9gie d\u2019ensemble. Ces acteurs, publics ou priv\u00e9s, n\u2019\u00e9voluent pas sous la banni\u00e8re d\u2019un cadre sp\u00e9cifique de coordination \u00bb, souligne le document. Il ajoute : \u00ab Certes, il existe des organes ex\u00e9cutifs (Minist\u00e8re en charge du Num\u00e9rique), techniques (Artp, Cdp, Adie) et consultatifs (Conseil national du num\u00e9rique) en mati\u00e8re de politiques du num\u00e9rique \u0153uvrant tous avec une relative coh\u00e9rence dans leurs diverses interventions ; toutefois, il n\u2019en existe pas sp\u00e9cifiquement pour les donn\u00e9es personnelles \u00bb.<\/p>\n\n\n\n<p>L\u2019encadrement juridique, souligne ce rapport de 92 pages, a nettement \u00e9volu\u00e9 au S\u00e9n\u00e9gal. Dans l\u2019ensemble, le processus d\u2019\u00e9laboration du cadre juridique a \u00e9t\u00e9 endog\u00e8ne, m\u00eame si cela a pu faire intervenir des partenaires ext\u00e9rieurs. Un bilan global nous permet aujourd\u2019hui de mesurer l\u2019efficience de la mise en \u0153uvre du cadre juridique, d\u2019en relever les m\u00e9rites \u00e0 consolider et les insuffisances \u00e0 r\u00e9sorber \u00bb, note-t-il.<\/p>\n\n\n\n<p>Aussi remarque cette \u00e9tude, \u00ab le S\u00e9n\u00e9gal a amorc\u00e9 la r\u00e9gulation juridique des donn\u00e9es personnelles en 2008 en vue de r\u00e9pondre au besoin de protection induite des risques d\u2019atteintes aux droits fondamentaux de la personne humaine \u00bb, mais force est de constater qu\u2019au fur et \u00e0 mesure que \u00ab s\u2019acc\u00e9l\u00e8rent les progr\u00e8s technologiques, on assiste \u00e0 l\u2019\u00e9mergence de nouveaux usages des donn\u00e9es personnelles dans tous les domaines : vote \u00e9lectronique, t\u00e9l\u00e9travail, t\u00e9l\u00e9m\u00e9decine, paiements \u00e9lectroniques, plateformes de services en ligne, t\u00e9l\u00e9-enseignement, diffusion et consommation de donn\u00e9es personnelles sur les r\u00e9seaux sociaux \u00bb. Et toutes \u00ab ces transformations sociales emportent de nouveaux risques en mati\u00e8re de donn\u00e9es personnelles et invitent \u00e0 repenser la protection des donn\u00e9es de la personne \u00e0 l\u2019aune de la digitalisation presque int\u00e9grale des activit\u00e9s humaines \u00bb.<\/p>\n\n\n\n<p><strong>Dimension strat\u00e9gique des donn\u00e9es personnelles&nbsp;<\/strong><\/p>\n\n\n\n<p>Sur le plan politique, \u00e9conomique et social, les donn\u00e9es personnelles sont actuellement incontournables et rev\u00eatent une dimension strat\u00e9gique. Cela, en ce sens qu\u2019elles permettent par exemple en politique d\u2019atteindre \u00ab l\u2019objectif de transparence dans la gouvernance publique en g\u00e9n\u00e9ral et dans la conduite du processus \u00e9lectoral en particulier \u00bb.<\/p>\n\n\n\n<p>Cette \u00e9tude, parue en mars dernier, a formul\u00e9 un certain nombre de recommandations. Parmi celles-ci figure l\u2019op\u00e9rationnalit\u00e9 des diverses applications de l\u2019intelligence artificielle (Ia) au S\u00e9n\u00e9gal qui sera tributaire d\u2019un \u00e9gal acc\u00e8s au march\u00e9 de la donn\u00e9e, aujourd\u2019hui domin\u00e9 par les g\u00e9ants dits Gafam (Groupe des entreprises les plus puissantes de l\u2019\u00e9conomie num\u00e9rique). \u00ab Cela postule la n\u00e9cessit\u00e9 d\u2019une mod\u00e9ration des plateformes en vue de contrecarrer les monopoles, la capacit\u00e9 des petites plateformes nationales \u00e9tant inhib\u00e9e par celle des Gafam\u2026 Dans un tel contexte de d\u00e9veloppement de la culture et des usages num\u00e9riques, le gouvernement du S\u00e9n\u00e9gal, en \u00e9troite concertation avec les diff\u00e9rentes parties prenantes devrait adapter le cadre juridique s\u00e9n\u00e9galais en vue de tirer le meilleur parti du secteur de la donn\u00e9e et de la donn\u00e9e personnelle \u00bb, avance le rapport. Celui-ci invite \u00e0 faire en sorte de concevoir la donn\u00e9e personnelle en tant que composante de la donn\u00e9e, car \u00ab le S\u00e9n\u00e9gal ne dispose pas de cadre juridique de r\u00e9gulation des donn\u00e9es en g\u00e9n\u00e9ral \u00bb. Ce qui \u00ab constitue, dans une certaine mesure, un facteur d\u2019ins\u00e9curit\u00e9 juridique pour les entreprises du secteur de l\u2019\u00e9conomie de la donn\u00e9e, en particulier les start-up d\u00e9sireuses d\u2019investir dans ce domaine \u00bb. En outre, il recommande de proc\u00e9der \u00e0 une typologie op\u00e9ratoire des donn\u00e9es (donn\u00e9es essentielles, donn\u00e9es critiques, donn\u00e9es de souverainet\u00e9), \u00e0 analyser la donn\u00e9e comme enjeu de souverainet\u00e9 et \u00e0 int\u00e9grer la cyber-s\u00e9curit\u00e9 dans la r\u00e9gulation de la donn\u00e9e.<\/p>\n\n\n\n<p>Le rapport sugg\u00e8re \u00e9galement de repenser les usages en vue de garantir la s\u00e9curit\u00e9 individuelle et collective, d\u2019\u00e9largir et d\u2019am\u00e9liorer la protection normative et de mettre en place des cadres formels de coop\u00e9ration intra-gouvernementale.<\/p>\n\n\n\n<p><strong>Ibrahima BA<\/strong><\/p>\n\n\n\n<p>LESOLEIL<\/p>\n","protected":false},"excerpt":{"rendered":"<p>Une \u00e9tude intitul\u00e9e \u00ab Renforcer la protection des donn\u00e9es personnelles en Afrique : vers un syst\u00e8me harmonis\u00e9 et efficient \u00bb<\/p>\n","protected":false},"author":1,"featured_media":9851,"comment_status":"open","ping_status":"open","sticky":false,"template":"","format":"standard","meta":{"footnotes":""},"categories":[21],"tags":[],"class_list":["post-11892","post","type-post","status-publish","format-standard","has-post-thumbnail","hentry","category-societe"],"_links":{"self":[{"href":"https:\/\/dekkbi.com\/index.php?rest_route=\/wp\/v2\/posts\/11892","targetHints":{"allow":["GET"]}}],"collection":[{"href":"https:\/\/dekkbi.com\/index.php?rest_route=\/wp\/v2\/posts"}],"about":[{"href":"https:\/\/dekkbi.com\/index.php?rest_route=\/wp\/v2\/types\/post"}],"author":[{"embeddable":true,"href":"https:\/\/dekkbi.com\/index.php?rest_route=\/wp\/v2\/users\/1"}],"replies":[{"embeddable":true,"href":"https:\/\/dekkbi.com\/index.php?rest_route=%2Fwp%2Fv2%2Fcomments&post=11892"}],"version-history":[{"count":1,"href":"https:\/\/dekkbi.com\/index.php?rest_route=\/wp\/v2\/posts\/11892\/revisions"}],"predecessor-version":[{"id":11893,"href":"https:\/\/dekkbi.com\/index.php?rest_route=\/wp\/v2\/posts\/11892\/revisions\/11893"}],"wp:featuredmedia":[{"embeddable":true,"href":"https:\/\/dekkbi.com\/index.php?rest_route=\/wp\/v2\/media\/9851"}],"wp:attachment":[{"href":"https:\/\/dekkbi.com\/index.php?rest_route=%2Fwp%2Fv2%2Fmedia&parent=11892"}],"wp:term":[{"taxonomy":"category","embeddable":true,"href":"https:\/\/dekkbi.com\/index.php?rest_route=%2Fwp%2Fv2%2Fcategories&post=11892"},{"taxonomy":"post_tag","embeddable":true,"href":"https:\/\/dekkbi.com\/index.php?rest_route=%2Fwp%2Fv2%2Ftags&post=11892"}],"curies":[{"name":"wp","href":"https:\/\/api.w.org\/{rel}","templated":true}]}}