{"id":11887,"date":"2023-05-11T10:58:42","date_gmt":"2023-05-11T10:58:42","guid":{"rendered":"https:\/\/dekkbi.com\/?p=11887"},"modified":"2023-05-11T13:23:50","modified_gmt":"2023-05-11T13:23:50","slug":"chantiers-majeurs-du-ministere-des-sports-amadou-ba-appelle-le-mouvement-sportif-a-lunion-sacree","status":"publish","type":"post","link":"https:\/\/dekkbi.com\/?p=11887","title":{"rendered":"Chantiers majeurs du minist\u00e8re des sports"},"content":{"rendered":"\n<p>Amadou Ba appelle le mouvement sportif \u00e0 l\u2019union sacr\u00e9e<\/p>\n\n\n\n<p>Le Premier ministre, Amadou Ba, a profit\u00e9 de\u00a0\u00a0cette c\u00e9r\u00e9monie de remise\u00a0\u00a0du drapeau\u00a0\u00a0aux\u00a0<em>Lionceaux<\/em>\u00a0U20 pour\u00a0\u00a0appeler le mouvement sportifs s\u00e9n\u00e9galais et \u00e0 tous les acteurs qui tournent autour de l\u2019\u00e9cosyst\u00e8me des sports \u00e0 l\u2019union sacr\u00e9e autour des objectifs et les chantiers majeurs que le minist\u00e8re des Sports\u00a0va mobiliser lors des prochaines semaines et les prochains mois.<em>\u00a0\u00abDans le cadre ainsi trac\u00e9, j\u2019appelle toutes les composantes de la nation, du mouvement sportif nationale, \u00e0 commencer par le CNOSS, \u00e0 une union sacr\u00e9e autour de ces objectifs et pour la r\u00e9alisation desquels le pr\u00e9sident de la R\u00e9publique attache une importance toute particuli\u00e8re. C\u2019est pourquoi, je vous invite tous, chers athl\u00e8tes, encadreurs, supporters,\u00a0\u00a0journalistes, tous les membres de l\u2019\u00e9cosyst\u00e8me du sport, \u00e0 travailler ensemble, sans rel\u00e2che, main dans la main, \u00e9paules contre \u00e9paules, pour maintenir notre pays, voire d\u00e9passer sa place actuelle dans le concert des grandes nations de football\u00bb,\u00a0<\/em>a-t-il lanc\u00e9.<\/p>\n\n\n\n<p>Ces chantiers s\u2019articulent autour, essentiellement, du football.&nbsp;<em>\u00abIls ont pour noms, le d\u00e9veloppement et la gestion performante de nos infrastructures et \u00e9quipements&nbsp;&nbsp;sportifs, la redynamisation du mouvement \u00abnavetane\u00bb, le renforcement de la formation des formateurs, l\u2019am\u00e9lioration de la formations des petites cat\u00e9gories par la multiplication des acad\u00e9mies du sport, l\u2019appui au d\u00e9veloppement du sport de base, le soutien au football local et \u00e0 la professionnalisation de la discipline, l\u2019arbitrage, la rationalisation et la publication du programme annuel de participation&nbsp;&nbsp;aux comp\u00e9titions africaines et&nbsp;&nbsp;internationales en accord et en \u00e9troite relation avec le Comit\u00e9 national&nbsp;olympique et sportifs&nbsp;&nbsp;s\u00e9n\u00e9galais, la lutte contre la violence dans le sport, la pr\u00e9paration minutieuse des Jeux olympiques de la jeunesse de 2026 et enfin la pr\u00e9sentation de la candidature du S\u00e9n\u00e9gal pour l\u2019organisation de la Coupe d\u2019Afrique des nations de football en 2027\u00bb,&nbsp;<\/em>\u00e9num\u00e8re-t-il, avant de terminer par f\u00e9liciter la F\u00e9d\u00e9ration s\u00e9n\u00e9galaise de football et les acteurs de la disciplines\u2026 pour le travail remarquable accomplie dans le d\u00e9veloppement du football.<\/p>\n\n\n\n<p><strong>O.DIAW<\/strong><\/p>\n\n\n\n<p>SUDQUOTIDIEN<\/p>\n","protected":false},"excerpt":{"rendered":"<p>Amadou Ba appelle le mouvement sportif \u00e0 l\u2019union sacr\u00e9e Le Premier ministre, Amadou Ba, a profit\u00e9 de\u00a0\u00a0cette c\u00e9r\u00e9monie de remise\u00a0\u00a0du<\/p>\n","protected":false},"author":1,"featured_media":11891,"comment_status":"open","ping_status":"open","sticky":false,"template":"","format":"standard","meta":{"footnotes":""},"categories":[9],"tags":[],"class_list":["post-11887","post","type-post","status-publish","format-standard","has-post-thumbnail","hentry","category-sports"],"_links":{"self":[{"href":"https:\/\/dekkbi.com\/index.php?rest_route=\/wp\/v2\/posts\/11887","targetHints":{"allow":["GET"]}}],"collection":[{"href":"https:\/\/dekkbi.com\/index.php?rest_route=\/wp\/v2\/posts"}],"about":[{"href":"https:\/\/dekkbi.com\/index.php?rest_route=\/wp\/v2\/types\/post"}],"author":[{"embeddable":true,"href":"https:\/\/dekkbi.com\/index.php?rest_route=\/wp\/v2\/users\/1"}],"replies":[{"embeddable":true,"href":"https:\/\/dekkbi.com\/index.php?rest_route=%2Fwp%2Fv2%2Fcomments&post=11887"}],"version-history":[{"count":2,"href":"https:\/\/dekkbi.com\/index.php?rest_route=\/wp\/v2\/posts\/11887\/revisions"}],"predecessor-version":[{"id":11954,"href":"https:\/\/dekkbi.com\/index.php?rest_route=\/wp\/v2\/posts\/11887\/revisions\/11954"}],"wp:featuredmedia":[{"embeddable":true,"href":"https:\/\/dekkbi.com\/index.php?rest_route=\/wp\/v2\/media\/11891"}],"wp:attachment":[{"href":"https:\/\/dekkbi.com\/index.php?rest_route=%2Fwp%2Fv2%2Fmedia&parent=11887"}],"wp:term":[{"taxonomy":"category","embeddable":true,"href":"https:\/\/dekkbi.com\/index.php?rest_route=%2Fwp%2Fv2%2Fcategories&post=11887"},{"taxonomy":"post_tag","embeddable":true,"href":"https:\/\/dekkbi.com\/index.php?rest_route=%2Fwp%2Fv2%2Ftags&post=11887"}],"curies":[{"name":"wp","href":"https:\/\/api.w.org\/{rel}","templated":true}]}}