{"id":11883,"date":"2023-05-11T10:52:20","date_gmt":"2023-05-11T10:52:20","guid":{"rendered":"https:\/\/dekkbi.com\/?p=11883"},"modified":"2023-05-11T10:52:21","modified_gmt":"2023-05-11T10:52:21","slug":"rapport-dafrikajom-center-sur-les-droits-humains-senegal-une-democratie-en-desuetude","status":"publish","type":"post","link":"https:\/\/dekkbi.com\/?p=11883","title":{"rendered":"Rapport d\u2019Afrikajom center sur les droits humains : S\u00e9n\u00e9gal, une d\u00e9mocratie en d\u00e9su\u00e9tude !"},"content":{"rendered":"\n<p><strong>Le S\u00e9n\u00e9gal n\u2019est plus cette d\u00e9mocratie \u00e0 la grande renomm\u00e9e. Dans un rapport d\u00e9nomm\u00e9&nbsp;<em>\u00abLe S\u00e9n\u00e9gal&nbsp;: un mod\u00e8le d\u00e9mocratique africain\u00bb,<\/em>&nbsp;Afrikajom Center de Alioune Tine, peint un tableau sombre de la d\u00e9mocratie et des droits humains dans notre pays.<\/strong><\/p>\n\n\n\n<p><em>\u00abLe S\u00e9n\u00e9gal&nbsp;: un mod\u00e8le d\u00e9mocratique africain\u00bb<\/em>&nbsp;est le titre du rapport d\u2019Afrikajom Center. Le document qui est une premi\u00e8re du genre, produit par le think tank, dresse un bilan peu reluisant de la d\u00e9mocratie s\u00e9n\u00e9galaise. Selon le pr\u00e9sident d\u2019Afrikajom Center, Alioune Tine,&nbsp;<em>\u00absi le pays a toujours \u00e9t\u00e9 un mod\u00e8le de d\u00e9mocratie en Afrique, et particuli\u00e8rement en Afrique de l\u2019Ouest, force est de constater que la gouvernance d\u00e9mocratique du S\u00e9n\u00e9gal a connu un d\u00e9clin perceptible depuis plus d\u2019une d\u00e9cennie\u00bb.<\/em><\/p>\n\n\n\n<p>Les disfonctionnement sont multiples. Ils touchent \u00e0 tous les aspects de la gouvernance politique, \u00e9conomique et sociale. Alioune Tine&nbsp; trouve,&nbsp;&nbsp;<em>\u00abqu\u2019au plan politique, \u00e9conomique ou administratif, la gouvernance a connu une d\u00e9gradation dans la gestion transparente des \u00e9lections : notamment avec les tensions et les violences politiques sur des questions relatives \u00e0 l\u2019\u00e9ligibilit\u00e9 des candidats aux \u00e9lections l\u00e9gislatives et \u00e0 l\u2019\u00e9lection pr\u00e9sidentielle. L\u2019impunit\u00e9 des crimes \u00e9conomiques que les juridictions s\u00e9n\u00e9galaises et les m\u00e9canismes de r\u00e9gulation n\u2019arrivent pas \u00e0 r\u00e9soudre, quand il s\u2019agit d\u2019actes commis par des membres de la coalition au pouvoir, constituent un v\u00e9ritable d\u00e9fi au S\u00e9n\u00e9gal\u00bb.<\/em><\/p>\n\n\n\n<p>Le mal du S\u00e9n\u00e9gal, selon toujours le rapport d\u2019Afrikajom est,&nbsp;&nbsp;<em>\u00abqu\u2019en d\u00e9pit, des luttes politiques et d\u00e9mocratiques et des avanc\u00e9es en mati\u00e8re de libert\u00e9s fondamentales et de droits humains, nonobstant deux alternances et malgr\u00e9 l\u2019existence des assises nationales, le pays \u00e9prouve toutes les peines du monde \u00e0 r\u00e9former ce r\u00e9gime pr\u00e9sidentiel qui n\u2019a pas pris une ride\u00bb<\/em>.<\/p>\n\n\n\n<p><strong><em>\u00abLE SENEGAL TRAVERSE, A L\u2019HEURE ACTUELLE, LA CRISE DEMOCRATIQUE LA PLUS GRAVE ET LA PLUS COMPLEXE DE SON HISTOIRE POLITIQUE ET ELECTORALE\u00bb<\/em><\/strong><\/p>\n\n\n\n<p>Le pr\u00e9sident Abdoulaye Wade s\u2019est pr\u00e9sent\u00e9 \u00e0 une troisi\u00e8me candidature, malgr\u00e9 qu\u2019il ait affirm\u00e9 avoir verrouill\u00e9 la Constitution. Macky Sall est dans la m\u00eame dynamique. Il se met \u00e0 affirmer, aujourd\u2019hui, que, pour le moment, il&nbsp;<em>\u00abne dit ni oui, ni non\u00bb,<\/em>&nbsp;au troisi\u00e8me mandat. Pire il soutient que la loi le lui permet. Pour Afrikajom Center,&nbsp;<em>\u00abcette situation &nbsp;cr\u00e9e une v\u00e9ritable incertitude sur la question de l\u2019\u00e9ligibilit\u00e9 des candidats, facteur de malaise, de tensions, de violences politiques r\u00e9currentes\u00bb.<\/em>&nbsp;Le probl\u00e8me caus\u00e9 par&nbsp; la posture du chef de l\u2019Etat,&nbsp;<em>\u00abce n\u2019est pas le texte&nbsp;; mais c\u2019est le cr\u00e9dit de la parole pr\u00e9sidentielle\u00bb.<\/em><\/p>\n\n\n\n<p>En somme,&nbsp; Afrikajom Center juge que&nbsp;<em>\u00able S\u00e9n\u00e9gal traverse, \u00e0 l\u2019heure actuelle, la crise d\u00e9mocratique la plus grave et la plus complexe, sans doute, de son histoire politique et de son histoire \u00e9lectorale, depuis Fran\u00e7ois Carpot et Blaise Diagne en 1914\u00bb.<\/em>&nbsp;Selon toujours le document,&nbsp;<em>\u00abau plan de la d\u00e9mocratie et surtout de l\u2019alternance par des \u00e9lections transparentes et d\u00e9mocratiques des questions, des doutes et des d\u00e9fiances sont les choses les plus partag\u00e9es par l\u2019opinion, aujourd\u2019hui\u00bb.<\/em><\/p>\n\n\n\n<p><strong>UNE JUSTICE QUI A PERDU SA CREDIBILITE<\/strong><\/p>\n\n\n\n<p>Le rapport pointe \u00e9galement le pouvoir judiciaire.&nbsp;<em>\u00abLa justice, quand elle est ind\u00e9pendante et \u00e9quitable, garante de la protection des droits humains et des libert\u00e9s fondamentales, avec un Etat qui se soumet au droit, elle r\u00e9alise l\u2019id\u00e9al d\u2019un Etat de droit et de la d\u00e9mocratie. C\u2019est \u00e0 partir de ce moment qu\u2019elle est capable de r\u00e9guler, avec efficacit\u00e9, les violences politiques et sociales inh\u00e9rentes \u00e0 l\u2019existence de toute soci\u00e9t\u00e9 humaine\u00bb<\/em>, rappelle la structure d\u2019Alioune Tine.<\/p>\n\n\n\n<p>Cependant, ajoute-telle,&nbsp;&nbsp;<em>\u00abau S\u00e9n\u00e9gal, on est loin de cet id\u00e9al, du fait des liens structurels qui assujettissent l\u2019institution judiciaire et ses principaux acteurs au pouvoir ex\u00e9cutif de moins en moins neutre et de plus en plus politis\u00e9&nbsp;; d\u2019o\u00f9 la n\u00e9cessit\u00e9 d\u2019\u00e9manciper cette institution des fourches caudines de l\u2019ex\u00e9cutif\u00bb<\/em>. Pour Afrikajom Center,&nbsp;<em>\u00abla justice s\u00e9n\u00e9galaise a perdu de la cr\u00e9dibilit\u00e9 et des r\u00e9formes sont n\u00e9cessaires pour que la majorit\u00e9 des juges, d\u2019une comp\u00e9tence reconnue au-del\u00e0 de nos fronti\u00e8res, puissent travailler en toute ind\u00e9pendance\u00bb,&nbsp;<\/em>note la source qui rel\u00e8ve, pourtant, que \u00ab<em>Le S\u00e9n\u00e9gal a une vieille tradition de dialogue politique. Une longue tradition de dialogues politiques souvent improductifs\u00bb.<\/em><\/p>\n\n\n\n<p><strong><em>\u00abLA DECOUVERTE DU PETROLE ET DU GAZ SEMBLE DEVENIR DE PLUS EN PLUS UNE MALEDICTION POUR LE SENEGAL\u00bb<\/em><\/strong><\/p>\n\n\n\n<p>Les constats d\u2019Afrikajom Center sont aussi que,&nbsp;<em>\u00abla d\u00e9couverte du p\u00e9trole et du gaz semble devenir de plus en plus une mal\u00e9diction pour le S\u00e9n\u00e9gal, au regard de la crise persistante et r\u00e9currente qu\u2019elle exerce sur le pouvoir pr\u00e9sidentiel, depuis 2011\/2012, et semble constituer la principale cause des r\u00e9gressions politiques et d\u00e9mocratiques de ces dix derni\u00e8res ann\u00e9es\u00bb.<\/em><\/p>\n\n\n\n<p>Dans son rapport, Afrikajom revient \u00e9galement sur les corps de contr\u00f4le, pour constater que,&nbsp;<em>\u00abl\u2019Office national de lutte contre la fraude et la corruption (Ofnac) est un g\u00e9ant aux pieds d\u2019argile et que les rapports de la Cour des Comptes perdent beaucoup de temps, du fait qu\u2019ils passent par la Pr\u00e9sidence de la R\u00e9publique. Il est important de trouver les moyens d\u2019une bonne coordination entre, d\u2019une part, le travail de l\u2019Ige, de la Cour des comptes et de l\u2019Ofnac, qui interviennent pratiquement dans les m\u00eames dossiers et, d\u2019autre part, le renforcement des liens avec la justice\u00bb.<\/em><\/p>\n\n\n\n<p><strong>LES LIBERTES DE MANIFESTATIONS, DE LA PRESSE BAFOUEES<\/strong><\/p>\n\n\n\n<p>S\u2019agissant des manifestions, Afrikajom s\u2019inqui\u00e8te de la r\u00e9pression et les tortures. L\u2019organisation constate ainsi que les droits de l\u2019homme et les libert\u00e9s fondamentales sont de plus en plus menac\u00e9s.&nbsp;<em>\u00abLa libert\u00e9 de manifester, qui aurait d\u00fb \u00eatre naturelle voire encourag\u00e9e \u00e0 l\u2019approche des \u00e9lections l\u00e9gislatives ou pr\u00e9sidentielles, devient une v\u00e9ritable \u00e9preuve o\u00f9 parfois il faut l\u2019implication de la soci\u00e9t\u00e9 civile pour qu\u2019elle soit effective car, \u00e0 maintes reprises, elle a \u00e9t\u00e9 suspendue pour \u00e9viter la violence\u00bb<\/em>, note le document. Le rapport d\u2019Afrikajom d\u00e9plore \u00e9galement le fait que,&nbsp;<em>\u00ables manifestations soient souvent interdites voire r\u00e9prim\u00e9es par les Forces de d\u00e9fense et de s\u00e9curit\u00e9, \u00e0 l\u2019approche des \u00e9lections\u00bb.<\/em><\/p>\n\n\n\n<p>Afrikajom constate et se d\u00e9sole&nbsp;&nbsp;<em>\u00abde la brutalit\u00e9 et la facilit\u00e9 avec laquelle on coupe les signaux des t\u00e9l\u00e9visions critiques par rapport au pouvoir mais aussi par les pr\u00e9textes qui sont saisis par le gouvernement s\u00e9n\u00e9galais pour arr\u00eater, d\u00e9tenir et emprisonner des journalistes pour avoir \u00e9crit ou \u00e9mis des opinions dissidentes\u00bb.<\/em><\/p>\n\n\n\n<p>De m\u00eame, lit-on dans le rapport, &nbsp;<em>\u00abla libert\u00e9 d\u2019expression au S\u00e9n\u00e9gal est limit\u00e9e par des dispositions restrictives dans le Code de la presse de 2017 et le Code p\u00e9nal qui continue de r\u00e9primer ces d\u00e9lits et augmente m\u00eame les peines maximales de prison et les amendes pour ces d\u00e9lits\u00bb<\/em>, souligne la m\u00eame source qui indique qu\u2019il ne saurait y avoir de d\u00e9lits d\u2019offense au chef de l\u2019Etat.<em>&nbsp;\u00abLe d\u00e9lit d\u2019offense au Chef de l\u2019\u00c9tat est archa\u00efque et totalement d\u00e9pass\u00e9 dans un r\u00e9gime o\u00f9 le chef de l\u2019\u00c9tat est en m\u00eame temps chef d\u2019un parti politique, ce qui constitue un conflit d\u2019int\u00e9r\u00eat\u00bb.<\/em><\/p>\n\n\n\n<p><strong>Fatou NDIAYE<\/strong> <\/p>\n\n\n\n<p>SUDQUOTIDIEN<\/p>\n\n\n\n<p><\/p>\n","protected":false},"excerpt":{"rendered":"<p>Le S\u00e9n\u00e9gal n\u2019est plus cette d\u00e9mocratie \u00e0 la grande renomm\u00e9e. Dans un rapport d\u00e9nomm\u00e9&nbsp;\u00abLe S\u00e9n\u00e9gal&nbsp;: un mod\u00e8le d\u00e9mocratique africain\u00bb,&nbsp;Afrikajom Center<\/p>\n","protected":false},"author":1,"featured_media":6746,"comment_status":"open","ping_status":"open","sticky":false,"template":"","format":"standard","meta":{"footnotes":""},"categories":[6],"tags":[],"class_list":["post-11883","post","type-post","status-publish","format-standard","has-post-thumbnail","hentry","category-politics"],"_links":{"self":[{"href":"https:\/\/dekkbi.com\/index.php?rest_route=\/wp\/v2\/posts\/11883","targetHints":{"allow":["GET"]}}],"collection":[{"href":"https:\/\/dekkbi.com\/index.php?rest_route=\/wp\/v2\/posts"}],"about":[{"href":"https:\/\/dekkbi.com\/index.php?rest_route=\/wp\/v2\/types\/post"}],"author":[{"embeddable":true,"href":"https:\/\/dekkbi.com\/index.php?rest_route=\/wp\/v2\/users\/1"}],"replies":[{"embeddable":true,"href":"https:\/\/dekkbi.com\/index.php?rest_route=%2Fwp%2Fv2%2Fcomments&post=11883"}],"version-history":[{"count":1,"href":"https:\/\/dekkbi.com\/index.php?rest_route=\/wp\/v2\/posts\/11883\/revisions"}],"predecessor-version":[{"id":11884,"href":"https:\/\/dekkbi.com\/index.php?rest_route=\/wp\/v2\/posts\/11883\/revisions\/11884"}],"wp:featuredmedia":[{"embeddable":true,"href":"https:\/\/dekkbi.com\/index.php?rest_route=\/wp\/v2\/media\/6746"}],"wp:attachment":[{"href":"https:\/\/dekkbi.com\/index.php?rest_route=%2Fwp%2Fv2%2Fmedia&parent=11883"}],"wp:term":[{"taxonomy":"category","embeddable":true,"href":"https:\/\/dekkbi.com\/index.php?rest_route=%2Fwp%2Fv2%2Fcategories&post=11883"},{"taxonomy":"post_tag","embeddable":true,"href":"https:\/\/dekkbi.com\/index.php?rest_route=%2Fwp%2Fv2%2Ftags&post=11883"}],"curies":[{"name":"wp","href":"https:\/\/api.w.org\/{rel}","templated":true}]}}