{"id":11833,"date":"2023-05-10T09:44:54","date_gmt":"2023-05-10T09:44:54","guid":{"rendered":"https:\/\/dekkbi.com\/?p=11833"},"modified":"2023-05-10T09:44:54","modified_gmt":"2023-05-10T09:44:54","slug":"amadou-ba-vs-khadim-ba-le-conflit-de-famille-degenere","status":"publish","type":"post","link":"https:\/\/dekkbi.com\/?p=11833","title":{"rendered":"Amadou B\u00e2 vs Khadim B\u00e2 : le conflit de famille d\u00e9g\u00e9n\u00e8re"},"content":{"rendered":"\n<p>La guerre pour le contr\u00f4le de Locafrique entre le p\u00e8re, Amadou B\u00e2, et le fils, Khadim, n\u2019est pas finie. On croyait le dossier cl\u00f4t le 9 janvier dernier apr\u00e8s que toutes les d\u00e9cisions du tribunal du commerce favorables au premier ont \u00e9t\u00e9 confirm\u00e9es en appel.<\/p>\n\n\n\n<p>Ainsi le 11 avril dernier, un huissier de justice, assist\u00e9 de gendarmes, avait expuls\u00e9 Khadim B\u00e2 et son \u00e9quipe des locaux de Locafrique et permis \u00e0 Amadou B\u00e2 et la sienne de prendre leurs quartiers.<\/p>\n\n\n\n<p>Mais d\u2019apr\u00e8s Les \u00c9chos, apr\u00e8s le d\u00e9part des gendarmes, Khadim B\u00e2, accompagn\u00e9 de nervis, aurait investi les lieux et r\u00e9ussi \u00e0 d\u00e9loger son p\u00e8re et ses collaborateurs avant d\u2019en interdire l\u2019acc\u00e8s \u00e0 quiconque ne serait pas de son bord.<\/p>\n\n\n\n<p>En guise de riposte, Amadou B\u00e2 a port\u00e9 plainte devant le procureur de la R\u00e9publique contre son fils pour violation de domicile, voies de fait et r\u00e9bellion et entrave \u00e0 l\u2019ex\u00e9cution d\u2019une d\u00e9cision de justice.<\/p>\n\n\n\n<p>Les \u00c9chos, qui donne l\u2019information dans son \u00e9dition de ce mercredi, rapporte que Khadim B\u00e2 est convoqu\u00e9 pour audition ce jeudi \u00e0 la Section de recherches de la gendarmerie. Le journal souligne que le plaignant ainsi que des t\u00e9moins ont d\u00e9j\u00e0 \u00e9t\u00e9 entendus par les enqu\u00eateurs.\u00a0<\/p>\n\n\n\n<p>Source &#8211; seneweb<\/p>\n","protected":false},"excerpt":{"rendered":"<p>La guerre pour le contr\u00f4le de Locafrique entre le p\u00e8re, Amadou B\u00e2, et le fils, Khadim, n\u2019est pas finie. On<\/p>\n","protected":false},"author":1,"featured_media":11834,"comment_status":"open","ping_status":"open","sticky":false,"template":"","format":"standard","meta":{"footnotes":""},"categories":[21],"tags":[],"class_list":["post-11833","post","type-post","status-publish","format-standard","has-post-thumbnail","hentry","category-societe"],"_links":{"self":[{"href":"https:\/\/dekkbi.com\/index.php?rest_route=\/wp\/v2\/posts\/11833","targetHints":{"allow":["GET"]}}],"collection":[{"href":"https:\/\/dekkbi.com\/index.php?rest_route=\/wp\/v2\/posts"}],"about":[{"href":"https:\/\/dekkbi.com\/index.php?rest_route=\/wp\/v2\/types\/post"}],"author":[{"embeddable":true,"href":"https:\/\/dekkbi.com\/index.php?rest_route=\/wp\/v2\/users\/1"}],"replies":[{"embeddable":true,"href":"https:\/\/dekkbi.com\/index.php?rest_route=%2Fwp%2Fv2%2Fcomments&post=11833"}],"version-history":[{"count":1,"href":"https:\/\/dekkbi.com\/index.php?rest_route=\/wp\/v2\/posts\/11833\/revisions"}],"predecessor-version":[{"id":11835,"href":"https:\/\/dekkbi.com\/index.php?rest_route=\/wp\/v2\/posts\/11833\/revisions\/11835"}],"wp:featuredmedia":[{"embeddable":true,"href":"https:\/\/dekkbi.com\/index.php?rest_route=\/wp\/v2\/media\/11834"}],"wp:attachment":[{"href":"https:\/\/dekkbi.com\/index.php?rest_route=%2Fwp%2Fv2%2Fmedia&parent=11833"}],"wp:term":[{"taxonomy":"category","embeddable":true,"href":"https:\/\/dekkbi.com\/index.php?rest_route=%2Fwp%2Fv2%2Fcategories&post=11833"},{"taxonomy":"post_tag","embeddable":true,"href":"https:\/\/dekkbi.com\/index.php?rest_route=%2Fwp%2Fv2%2Ftags&post=11833"}],"curies":[{"name":"wp","href":"https:\/\/api.w.org\/{rel}","templated":true}]}}