{"id":11826,"date":"2023-05-10T09:15:28","date_gmt":"2023-05-10T09:15:28","guid":{"rendered":"https:\/\/dekkbi.com\/?p=11826"},"modified":"2023-05-10T09:15:30","modified_gmt":"2023-05-10T09:15:30","slug":"dakar-les-commissions-chargees-de-la-regulation-des-prix-du-loyer-installees","status":"publish","type":"post","link":"https:\/\/dekkbi.com\/?p=11826","title":{"rendered":"Dakar: les commissions charg\u00e9es de la r\u00e9gulation des prix du loyer install\u00e9es"},"content":{"rendered":"\n<p>Le ministre du Commerce, de la Consommation et des Petites et moyennes entreprises, Abdou Karim Fofana, a proc\u00e9d\u00e9 \u00e0 l\u2019installation des d\u00e9membrements de la Commission nationale de la r\u00e9gulation des loyers du S\u00e9n\u00e9gal (CONAREL) dans la r\u00e9gion de Dakar, a constat\u00e9 l\u2019APS, mardi.<\/p>\n\n\n\n<p>Il s\u2019agit de la commission r\u00e9gionale et des commissions d\u00e9partementales de Dakar, Gu\u00e9diawaye, Keur Massar, Pikine et Rufisque, qui sont charg\u00e9es de r\u00e9guler les prix du loyer et de r\u00e9gler les contentieux entre les bailleurs et les locataires.<\/p>\n\n\n\n<p>\u2019Chaque fois qu\u2019il y a un diff\u00e9rend entre les bailleurs et les locataires, ils pourront saisir ces commissions mises en place pour rappeler les dispositions relatives \u00e0 la loi portant baisse des prix du loyer et aux contrats de location\u2019\u2019, a expliqu\u00e9 M. Fofana.<\/p>\n\n\n\n<p>L\u2019installation de la commission r\u00e9gionale et des commissions d\u00e9partementales marque le d\u00e9marrage de leurs activit\u00e9s.<\/p>\n\n\n\n<p>\u2018\u2019Depuis mars dernier, les services r\u00e9gionaux du commerce recevaient des r\u00e9clamations, des plaintes et des signalements en attendant la mise en place des commissions r\u00e9gionales\u2019\u2019, a-t-il ajout\u00e9.<\/p>\n\n\n\n<p>Les commissions charg\u00e9es de r\u00e9guler les prix du loyer permettront d\u2019\u00e9viter \u2018\u2019la lourdeur des proc\u00e9dures\u2019\u2019 en mati\u00e8re de contentieux entre les bailleurs et les locataires, selon Abdou Karim Fofana.<\/p>\n\n\n\n<p>Elles sont un cadre de discussion, d\u2019\u00e9change et d\u2019arbitrage, a-t-il dit.<\/p>\n\n\n\n<p>Les commissions doivent faire en sorte que la loi portant baisse des prix du loyer soit \u2018\u2019connue et accept\u00e9e de tous\u2019\u2019, selon M. Fofana.<\/p>\n\n\n\n<p>Momar Ndao, le pr\u00e9sident de la CONAREL, a rappel\u00e9 que la cr\u00e9ation de ladite instance est \u2018\u2019l\u2019aboutissement d\u2019un combat\u2019\u2019, celui de la baisse des prix du loyer, men\u00e9 par les locataires et les associations de consommateurs depuis plusieurs ann\u00e9es.<\/p>\n\n\n\n<p>\u2018\u2019Nous en sommes aujourd\u2019hui \u00e0 l\u2019ach\u00e8vement d\u2019un combat entam\u00e9 en 2006\u2019\u2019, a soulign\u00e9 M. Ndao, ajoutant que \u2018\u2019tous les textes relatifs aux prix du loyer concourent \u00e0 prendre en compte les int\u00e9r\u00eats du bailleur et ceux du locataire\u2019\u2019.<\/p>\n\n\n\n<p>\u2018\u2019Nous esp\u00e9rons que la CONAREL prendra en compte les besoins des bailleurs et des locataires. Nous sommes des m\u00e9diateurs et, \u00e0 ce titre, nous esp\u00e9rons que l\u2019installation des commissions sera le premier des actes \u00e0 poser pour mieux r\u00e9guler le secteur de l\u2019immobilier au S\u00e9n\u00e9gal\u2019\u2019, a dit Cathy Suarez, la pr\u00e9sidente de l\u2019Association nationale des agences immobili\u00e8res du S\u00e9n\u00e9gal.<\/p>\n\n\n\n<p>Ibrahima Camara, intervenant \u00e0 la c\u00e9r\u00e9monie d\u2019installation des commissions au nom des propri\u00e9taires des maisons \u00e0 louer, a tenu \u00e0 pr\u00e9ciser qu\u2019ils ont \u00e9t\u00e9 des locataires avant de devenir bailleurs. \u2018\u2019Nous savons ce que chacune des parties endure. J\u2019esp\u00e8re que l\u2019objectif du gouvernement est de permettre \u00e0 chaque S\u00e9n\u00e9galais de disposer d\u2019un toit\u2019\u2019, a-t-il affirm\u00e9.<\/p>\n\n\n\n<p>Alassane S\u00e8ne, le pr\u00e9sident de l\u2019Association de d\u00e9fense des locataires du S\u00e9n\u00e9gal, a salu\u00e9 l\u2019installation des commissions. L\u2019association qu\u2019il dirige \u2018\u2019ne d\u00e9fendra pas les mauvais payeurs\u2019\u2019, a-t-il pr\u00e9venu.<\/p>\n\n\n\n<p>Une baisse des prix du loyer est en vigueur depuis le 1er mars dernier.<br><br>Avec APS<\/p>\n","protected":false},"excerpt":{"rendered":"<p>Le ministre du Commerce, de la Consommation et des Petites et moyennes entreprises, Abdou Karim Fofana, a proc\u00e9d\u00e9 \u00e0 l\u2019installation<\/p>\n","protected":false},"author":1,"featured_media":11827,"comment_status":"open","ping_status":"open","sticky":false,"template":"","format":"standard","meta":{"footnotes":""},"categories":[3],"tags":[],"class_list":["post-11826","post","type-post","status-publish","format-standard","has-post-thumbnail","hentry","category-event-more-news"],"_links":{"self":[{"href":"https:\/\/dekkbi.com\/index.php?rest_route=\/wp\/v2\/posts\/11826","targetHints":{"allow":["GET"]}}],"collection":[{"href":"https:\/\/dekkbi.com\/index.php?rest_route=\/wp\/v2\/posts"}],"about":[{"href":"https:\/\/dekkbi.com\/index.php?rest_route=\/wp\/v2\/types\/post"}],"author":[{"embeddable":true,"href":"https:\/\/dekkbi.com\/index.php?rest_route=\/wp\/v2\/users\/1"}],"replies":[{"embeddable":true,"href":"https:\/\/dekkbi.com\/index.php?rest_route=%2Fwp%2Fv2%2Fcomments&post=11826"}],"version-history":[{"count":1,"href":"https:\/\/dekkbi.com\/index.php?rest_route=\/wp\/v2\/posts\/11826\/revisions"}],"predecessor-version":[{"id":11828,"href":"https:\/\/dekkbi.com\/index.php?rest_route=\/wp\/v2\/posts\/11826\/revisions\/11828"}],"wp:featuredmedia":[{"embeddable":true,"href":"https:\/\/dekkbi.com\/index.php?rest_route=\/wp\/v2\/media\/11827"}],"wp:attachment":[{"href":"https:\/\/dekkbi.com\/index.php?rest_route=%2Fwp%2Fv2%2Fmedia&parent=11826"}],"wp:term":[{"taxonomy":"category","embeddable":true,"href":"https:\/\/dekkbi.com\/index.php?rest_route=%2Fwp%2Fv2%2Fcategories&post=11826"},{"taxonomy":"post_tag","embeddable":true,"href":"https:\/\/dekkbi.com\/index.php?rest_route=%2Fwp%2Fv2%2Ftags&post=11826"}],"curies":[{"name":"wp","href":"https:\/\/api.w.org\/{rel}","templated":true}]}}