{"id":11771,"date":"2023-05-09T09:47:11","date_gmt":"2023-05-09T09:47:11","guid":{"rendered":"https:\/\/dekkbi.com\/?p=11771"},"modified":"2023-05-09T09:47:12","modified_gmt":"2023-05-09T09:47:12","slug":"systeme-educatif-perturbations-des-cours-le-saemss-et-le-cusems-annoncent-un-debrayage-et-une-greve-totale","status":"publish","type":"post","link":"https:\/\/dekkbi.com\/?p=11771","title":{"rendered":"Syst\u00e8me \u00e9ducatif-Perturbations des cours : le Saemss et le Cusems annoncent un d\u00e9brayage et une gr\u00e8ve totale"},"content":{"rendered":"\n<p><strong>L\u2019\u00e9cole publique renoue avec les perturbations des cours. Le Saemss et le Cusems ont annonc\u00e9 un d\u00e9brayage ce mercredi 10 mai et une gr\u00e8ve totale le jeudi 11 mai. Dans un communiqu\u00e9 conjoint rendu public hier, lundi 8 mai, les deux syndicats d\u2019enseignants exigent \u00ab l\u2019apurement du passif des accords et de mettre un terme aux d\u00e9rives \u00bb.<\/strong><\/p>\n\n\n\n<p>\u00ab Appr\u00e9ciant le plan d\u2019actions lanc\u00e9 les 21 et 22 mars 2023 dans le cadre du G7, le Saemss et le Cusems d\u00e9plorent l\u2019\u00e9valuation tardive dans un contexte marqu\u00e9 par un quasi immobilisme relativement \u00e0 la mise en \u0153uvre des accords sign\u00e9s le 30 Avril 2018 et le 26 f\u00e9vrier 2022.<\/p>\n\n\n\n<p>Par ailleurs, les deux syndicats condamnent avec v\u00e9h\u00e9mence les pr\u00e9l\u00e8vements sauvages et inacceptables effectu\u00e9s sur les salaires au m\u00e9pris des dispositions r\u00e9glementaires. Aussi exigent-ils des autorit\u00e9s le strict respect des dispositions l\u00e9gales en la mati\u00e8re au lieu de se servir de ce pr\u00e9texte pour spolier d\u2019honn\u00eates travailleurs comme en attestent les retenues abusives not\u00e9es sur les bulletins de salaire de nombreux fonctionnaires et contractuels \u00bb, rapporte le communiqu\u00e9.<\/p>\n\n\n\n<p>La m\u00eame source d\u2019ajouter, \u00ab face \u00e0 ce dilatoire et aux tentatives d\u2019intimidation qui illustrent le manque de volont\u00e9 du Gouvernement, le Saemss et le Cusems exhortent les militants \u00e0 se mobiliser pour exiger la convocation imm\u00e9diate du Comit\u00e9 de Suivi des Accords, la r\u00e9vision du statut des d\u00e9cisionnaires, le d\u00e9marrage de la formation des coll\u00e8gues MEPS, des professeurs de philosophie, des PC issus du recrutement des 5.000 enseignants, des charg\u00e9s de cours et des METP, des demandeurs de mise-en position de stage et l\u2019organisation des passerelles professionnelles ; l\u2019apurement des pr\u00eats au logement et la mise \u00e0 disposition des parcelles; et l\u2019examen des questions nouvelles inscrites dans les pr\u00e9avis des syndicats et la sortie des arr\u00eat\u00e9s de nomination des chefs d\u2019\u00e9tablissements et la cat\u00e9gorisation des lyc\u00e9es \u00bb.<\/p>\n\n\n\n<p>Le Saemss et le Cusems condamnent \u00ab avec fermet\u00e9 les violations permanentes des libert\u00e9s individuelles et collectives et les arrestations arbitraires d\u2019enseignants dont le seul tort demeure l\u2019exercice d\u2019un droit constitutionnel \u00bb. Non sans \u00ab inviter les autorit\u00e9s \u00e0 lib\u00e9rer les enseignants d\u00e9tenus \u00bb.<\/p>\n\n\n\n<p>Source &#8211; sudquotidien.sn<\/p>\n","protected":false},"excerpt":{"rendered":"<p>L\u2019\u00e9cole publique renoue avec les perturbations des cours. Le Saemss et le Cusems ont annonc\u00e9 un d\u00e9brayage ce mercredi 10<\/p>\n","protected":false},"author":1,"featured_media":11772,"comment_status":"open","ping_status":"open","sticky":false,"template":"","format":"standard","meta":{"footnotes":""},"categories":[21],"tags":[],"class_list":["post-11771","post","type-post","status-publish","format-standard","has-post-thumbnail","hentry","category-societe"],"_links":{"self":[{"href":"https:\/\/dekkbi.com\/index.php?rest_route=\/wp\/v2\/posts\/11771","targetHints":{"allow":["GET"]}}],"collection":[{"href":"https:\/\/dekkbi.com\/index.php?rest_route=\/wp\/v2\/posts"}],"about":[{"href":"https:\/\/dekkbi.com\/index.php?rest_route=\/wp\/v2\/types\/post"}],"author":[{"embeddable":true,"href":"https:\/\/dekkbi.com\/index.php?rest_route=\/wp\/v2\/users\/1"}],"replies":[{"embeddable":true,"href":"https:\/\/dekkbi.com\/index.php?rest_route=%2Fwp%2Fv2%2Fcomments&post=11771"}],"version-history":[{"count":1,"href":"https:\/\/dekkbi.com\/index.php?rest_route=\/wp\/v2\/posts\/11771\/revisions"}],"predecessor-version":[{"id":11773,"href":"https:\/\/dekkbi.com\/index.php?rest_route=\/wp\/v2\/posts\/11771\/revisions\/11773"}],"wp:featuredmedia":[{"embeddable":true,"href":"https:\/\/dekkbi.com\/index.php?rest_route=\/wp\/v2\/media\/11772"}],"wp:attachment":[{"href":"https:\/\/dekkbi.com\/index.php?rest_route=%2Fwp%2Fv2%2Fmedia&parent=11771"}],"wp:term":[{"taxonomy":"category","embeddable":true,"href":"https:\/\/dekkbi.com\/index.php?rest_route=%2Fwp%2Fv2%2Fcategories&post=11771"},{"taxonomy":"post_tag","embeddable":true,"href":"https:\/\/dekkbi.com\/index.php?rest_route=%2Fwp%2Fv2%2Ftags&post=11771"}],"curies":[{"name":"wp","href":"https:\/\/api.w.org\/{rel}","templated":true}]}}