{"id":11760,"date":"2023-05-09T09:34:35","date_gmt":"2023-05-09T09:34:35","guid":{"rendered":"https:\/\/dekkbi.com\/?p=11760"},"modified":"2023-05-09T09:34:35","modified_gmt":"2023-05-09T09:34:35","slug":"le-dilemme-dousmane-sonko-entre-appel-a-la-desobeissance-civique-et-appel-a-une-justice-quil-boycotte","status":"publish","type":"post","link":"https:\/\/dekkbi.com\/?p=11760","title":{"rendered":"Le dilemme d&rsquo;Ousmane Sonko : Entre appel \u00e0 la d\u00e9sob\u00e9issance civique et appel \u00e0 une justice qu&rsquo;il boycotte"},"content":{"rendered":"\n<p><strong>Le leader du parti Pastef, Ousmane Sonko, est dans une situation difficile. Il avait d\u00e9clar\u00e9, lors de sa derni\u00e8re sortie m\u00e9diatique, qu\u2019il opte d\u00e9sormais pour une attitude de d\u00e9sob\u00e9issance civique contre ce qu\u2019il appelle une justice injuste. Mais r\u00e9cemment, il a \u00e9t\u00e9 condamn\u00e9 \u00e0 six mois avec sursis dans son proc\u00e8s en appel l&rsquo;opposant \u00e0 Mame Mbaye Niang, ministre du Tourisme, pour les d\u00e9lits d\u2019injure, de faux et usage de faux et de diffamation.<\/strong><\/p>\n\n\n\n<p>Cette condamnation est une peine assimil\u00e9e \u00e0 une perte de son \u00e9ligibilit\u00e9 \u00e0 l\u2019\u00e9lection pr\u00e9sidentielle de 2024. En effet, le code pr\u00e9voit une radiation des listes \u00e9lectorales, pour une peine sup\u00e9rieure ou \u00e9gale \u00e0 six mois avec sursis. Les chances de voir Ousmane Sonko participer \u00e0 l\u2019\u00e9lection pr\u00e9sidentielle, sont donc compromises.<\/p>\n\n\n\n<p>Pourtant, le leader de Pastef avait convoqu\u00e9 les conseillers municipaux en session ordinaire ce 8 mai, une date qui co\u00efncide avec son proc\u00e8s en appel contre Mame Mbaye Niang. Selon les confidences d\u2019un ancien Directeur de Cabinet \u00e0 la mairie de Ziguinchor, contact\u00e9 par le journal \u00ab\u00a0Source A\u00a0\u00bb, \u201c<em>si Ousmane Sonko a convoqu\u00e9 cette r\u00e9union \u00e0 la date du 8 mai, c\u2019est juste parce que cette date co\u00efncide avec son proc\u00e8s<\/em>\u201d.<\/p>\n\n\n\n<p><strong>Ce dilemme pose une question importante : Ousmane Sonko va-t-il faire appel \u00e0 une justice qu&rsquo;il a dit boycotter ? Ou bien va-t-il continuer \u00e0 pr\u00f4ner la d\u00e9sob\u00e9issance civique ? Cette situation d\u00e9licate met en lumi\u00e8re la difficult\u00e9 de lutter contre un syst\u00e8me qui semble injuste, tout en restant dans le cadre l\u00e9gal.<br><\/strong><br>L&rsquo;appel \u00e0 la d\u00e9sob\u00e9issance civique d&rsquo;Ousmane Sonko est compr\u00e9hensible dans le contexte actuel, o\u00f9 de nombreuses personnes sont insatisfaites du syst\u00e8me judiciaire s\u00e9n\u00e9galais. Mais il est important de trouver des moyens de faire valoir ses droits et de d\u00e9fendre ses convictions, tout en respectant la loi.<\/p>\n\n\n\n<p>Dans tous les cas, cette affaire met en \u00e9vidence les tensions politiques et sociales qui existent actuellement au S\u00e9n\u00e9gal. Il est n\u00e9cessaire d&rsquo;\u00e9couter toutes les parties concern\u00e9es et de trouver des solutions durables pour am\u00e9liorer la situation politique et sociale du pays.<\/p>\n\n\n\n<p>Source &#8211; L\u00e9ral<\/p>\n","protected":false},"excerpt":{"rendered":"<p>Le leader du parti Pastef, Ousmane Sonko, est dans une situation difficile. Il avait d\u00e9clar\u00e9, lors de sa derni\u00e8re sortie<\/p>\n","protected":false},"author":1,"featured_media":11764,"comment_status":"open","ping_status":"open","sticky":false,"template":"","format":"standard","meta":{"footnotes":""},"categories":[6],"tags":[],"class_list":["post-11760","post","type-post","status-publish","format-standard","has-post-thumbnail","hentry","category-politics"],"_links":{"self":[{"href":"https:\/\/dekkbi.com\/index.php?rest_route=\/wp\/v2\/posts\/11760","targetHints":{"allow":["GET"]}}],"collection":[{"href":"https:\/\/dekkbi.com\/index.php?rest_route=\/wp\/v2\/posts"}],"about":[{"href":"https:\/\/dekkbi.com\/index.php?rest_route=\/wp\/v2\/types\/post"}],"author":[{"embeddable":true,"href":"https:\/\/dekkbi.com\/index.php?rest_route=\/wp\/v2\/users\/1"}],"replies":[{"embeddable":true,"href":"https:\/\/dekkbi.com\/index.php?rest_route=%2Fwp%2Fv2%2Fcomments&post=11760"}],"version-history":[{"count":1,"href":"https:\/\/dekkbi.com\/index.php?rest_route=\/wp\/v2\/posts\/11760\/revisions"}],"predecessor-version":[{"id":11765,"href":"https:\/\/dekkbi.com\/index.php?rest_route=\/wp\/v2\/posts\/11760\/revisions\/11765"}],"wp:featuredmedia":[{"embeddable":true,"href":"https:\/\/dekkbi.com\/index.php?rest_route=\/wp\/v2\/media\/11764"}],"wp:attachment":[{"href":"https:\/\/dekkbi.com\/index.php?rest_route=%2Fwp%2Fv2%2Fmedia&parent=11760"}],"wp:term":[{"taxonomy":"category","embeddable":true,"href":"https:\/\/dekkbi.com\/index.php?rest_route=%2Fwp%2Fv2%2Fcategories&post=11760"},{"taxonomy":"post_tag","embeddable":true,"href":"https:\/\/dekkbi.com\/index.php?rest_route=%2Fwp%2Fv2%2Ftags&post=11760"}],"curies":[{"name":"wp","href":"https:\/\/api.w.org\/{rel}","templated":true}]}}