{"id":11733,"date":"2023-05-08T13:18:10","date_gmt":"2023-05-08T13:18:10","guid":{"rendered":"https:\/\/dekkbi.com\/?p=11733"},"modified":"2023-05-08T13:18:12","modified_gmt":"2023-05-08T13:18:12","slug":"amadou-ba-aux-jeunes-sur-le-xeyu-ndaw-ni-nous-travaillons-pour-vous","status":"publish","type":"post","link":"https:\/\/dekkbi.com\/?p=11733","title":{"rendered":"Amadou Ba aux jeunes sur le X\u00ebyu ndaw \u00f1i : \u00abNous travaillons pour vous\u00bb"},"content":{"rendered":"\n<p><strong>Au cours d\u2019une rencontre hier avec de nombreux jeunes aux Parcelles Assainies, le Premier ministre a mis en avant les efforts du gouvernement, sous la houlette du chef de l\u2019Etat, pour assurer de l\u2019emploi aux jeunes \u00e0 travers le programme X\u00ebyu ndaw \u00f1i.<\/strong><\/p>\n\n\n\n<p><strong>Par Abdou Latif MANSARAY \u2013&nbsp;<\/strong>Le Premier ministre Amadou Ba a rencontr\u00e9 une partie de la jeunesse s\u00e9n\u00e9galaise venue des diff\u00e9rentes localit\u00e9s de la r\u00e9gion de Dakar. Des observateurs neutres parlent de pr\u00e8s de 50 mille jeunes rassembl\u00e9s. Une occasion pour le chef du gouvernement de prendre note des d\u00e9clarations des jeunes sur le programme X\u00ebyu ndaw \u00f1i. D\u2019ailleurs, la journ\u00e9e d\u2019hier avec les jeunes avait pour th\u00e8me&nbsp;: \u00abNdajj\u00e9 X\u00ebyu ndaw \u00f1i.\u00bb Toutes les structures des jeunes et des individus ont pris part \u00e0 la rencontre. Et certaines se sont exprim\u00e9es pour expliquer que le Programme X\u00ebyu ndaw \u00f1i n\u2019\u00e9tait pas une fiction, mais bien une r\u00e9alit\u00e9. R\u00e9unis au Stade municipal des Parcelles Assainies, parmi les jeunes qui ont pris la parole, certains ont d\u00e9cid\u00e9 d\u2019accompagner le chef de l\u2019Etat dans ses engagements politiques. Le Pm, qui a \u00e9t\u00e9 tr\u00e8s r\u00e9confort\u00e9 par ces propos des jeunes, a tenu \u00e0 faire savoir \u00e0 la jeunesse que toutes les structures&nbsp;ayant en charge la question de l\u2019emploi des jeunes&nbsp;sont destin\u00e9es \u00e0 b\u00e9n\u00e9ficier \u00e0 ladite jeunesse. X\u00ebyu ndaw \u00f1i est d\u2019ailleurs un programme de 460 milliards pour 3 ans, r\u00e9partis dans&nbsp; plusieurs secteurs. Et Amadou Ba a d\u00e9roul\u00e9 les r\u00e9alisations du r\u00e9gime op\u00e9r\u00e9es dans ce cadre. \u00abLes projets d\u2019int\u00e9r\u00eats communautaires de pavage nous ont permis de recruter plus de 25 mille personnes. Sans parler des 1714 jeunes recrut\u00e9s par le projet Promovilles, 2374 jeunes recrut\u00e9s par Agetip, 2849 jeunes ont \u00e9t\u00e9 form\u00e9s \u00e9galement par Agetip.\u00bb&nbsp; Amadou Ba a voulu indiquer qu\u2019aucun jeune ne sera laiss\u00e9 en rade, quelle que soit l\u2019activit\u00e9 \u00e0 laquelle il se destine. Il a ainsi rappel\u00e9 qu\u2019avec Promovilles, c\u2019est \u00abun programme qui va concerner la r\u00e9gion de Dakar. Avec la Der, nous avons 146 mille b\u00e9n\u00e9ficiaires qui ont re\u00e7u des financements.&nbsp;Nous avons le programme de tricycle qui sera mis en \u0153uvre pour les charretiers, pour la modernisation du transport des charrettes. De m\u00eame que les musiciens, les artistes et&nbsp; les sportifs.\u00bb&nbsp; Pape Malick Ndour, ministre de la Jeunesse, qui a pris part \u00e0 la c\u00e9r\u00e9monie, a re\u00e7u des instructions du Pm d\u2019impliquer toute la jeunesse dans le programme X\u00ebyu ndaw \u00f1i. Amadou Ba a d\u2019ailleurs inform\u00e9 que ce programme est un exemple qui a \u00e9t\u00e9 suivi par d\u2019autres pays qui cherchent \u00e0 cr\u00e9er des emplois pour les jeunes. Le pr\u00e9sident de la R\u00e9publique, Macky Sall, engage le gouvernement \u00e0 continuer \u00e0 investir dans la formation, l\u2019innovation et l\u2019entrepreneuriat pour garantir un avenir meilleur \u00e0 nos jeunes et \u00e0 notre soci\u00e9t\u00e9.<br><strong>latifmansaray@lequotidien.sn<\/strong><\/p>\n","protected":false},"excerpt":{"rendered":"<p>Au cours d\u2019une rencontre hier avec de nombreux jeunes aux Parcelles Assainies, le Premier ministre a mis en avant les<\/p>\n","protected":false},"author":1,"featured_media":11734,"comment_status":"open","ping_status":"open","sticky":false,"template":"","format":"standard","meta":{"footnotes":""},"categories":[6],"tags":[],"class_list":["post-11733","post","type-post","status-publish","format-standard","has-post-thumbnail","hentry","category-politics"],"_links":{"self":[{"href":"https:\/\/dekkbi.com\/index.php?rest_route=\/wp\/v2\/posts\/11733","targetHints":{"allow":["GET"]}}],"collection":[{"href":"https:\/\/dekkbi.com\/index.php?rest_route=\/wp\/v2\/posts"}],"about":[{"href":"https:\/\/dekkbi.com\/index.php?rest_route=\/wp\/v2\/types\/post"}],"author":[{"embeddable":true,"href":"https:\/\/dekkbi.com\/index.php?rest_route=\/wp\/v2\/users\/1"}],"replies":[{"embeddable":true,"href":"https:\/\/dekkbi.com\/index.php?rest_route=%2Fwp%2Fv2%2Fcomments&post=11733"}],"version-history":[{"count":1,"href":"https:\/\/dekkbi.com\/index.php?rest_route=\/wp\/v2\/posts\/11733\/revisions"}],"predecessor-version":[{"id":11735,"href":"https:\/\/dekkbi.com\/index.php?rest_route=\/wp\/v2\/posts\/11733\/revisions\/11735"}],"wp:featuredmedia":[{"embeddable":true,"href":"https:\/\/dekkbi.com\/index.php?rest_route=\/wp\/v2\/media\/11734"}],"wp:attachment":[{"href":"https:\/\/dekkbi.com\/index.php?rest_route=%2Fwp%2Fv2%2Fmedia&parent=11733"}],"wp:term":[{"taxonomy":"category","embeddable":true,"href":"https:\/\/dekkbi.com\/index.php?rest_route=%2Fwp%2Fv2%2Fcategories&post=11733"},{"taxonomy":"post_tag","embeddable":true,"href":"https:\/\/dekkbi.com\/index.php?rest_route=%2Fwp%2Fv2%2Ftags&post=11733"}],"curies":[{"name":"wp","href":"https:\/\/api.w.org\/{rel}","templated":true}]}}