{"id":11706,"date":"2023-05-08T12:40:02","date_gmt":"2023-05-08T12:40:02","guid":{"rendered":"https:\/\/dekkbi.com\/?p=11706"},"modified":"2023-05-08T12:40:04","modified_gmt":"2023-05-08T12:40:04","slug":"mondial-u20-la-france-sera-egalement-privee-de-ses-meilleurs-joueurs","status":"publish","type":"post","link":"https:\/\/dekkbi.com\/?p=11706","title":{"rendered":"Mondial U20: la France sera \u00e9galement priv\u00e9e de ses meilleurs joueurs"},"content":{"rendered":"\n<p>iGFM (Dakar) La Coupe du monde U20 d\u00e9marre le 20 mai 2023 en Argentine. Comme le S\u00e9n\u00e9gal, la France sera \u00e9galement priv\u00e9e de ses meilleurs joueurs.<\/p>\n\n\n\n<p>C&rsquo;est ce qu&rsquo;on appelle un Mondial sans les meilleurs joueurs espoirs. Si le S\u00e9n\u00e9gal devra faire sans les soci\u00e9taires du FC Metz Lamine Camara, Pape Amadou Diallo et Mamadou Lamine Carama (RS Berkane), la France sera aussi dans cette m\u00eame situation. En effet, dans son malheur, le s\u00e9lectionneur de l\u2019\u00e9quipe de France des moins de 20 ans Landry Chauvin aura au moins une personne vers laquelle se tourner pour un peu de soutien et quelques conseils. Alors qu\u2019il doit annoncer sa liste dans cinq jours pour le Mondial qui doit se jouer en Argentine (20 mai-11 juin), le technicien tricolore se retrouve dans la m\u00eame situation que Sylvain Ripoll au moment d\u2019aborder les Jeux olympiques de Tokyo : la plupart des joueurs qu\u2019il emm\u00e8ne habituellement avec lui ne seront pas lib\u00e9r\u00e9s par leurs clubs, qui souhaitent les conserver pour les ultimes \u00e9ch\u00e9ances de la saison.<br><br>Cette situation frustrante, soulign\u00e9e par L\u2019\u00c9quipe ce samedi 6 mai, atteint des proportions importantes avec l\u2019effectif des Bleuets. Selon les informations d&rsquo;Ouest France, alors qu\u2019il doit annoncer sa liste ce mercredi 10 mai, le s\u00e9lectionneur n\u2019a actuellement \u00e0 sa disposition qu\u2019une demi-liste.<br><br><strong>L\u2019espoir existe pour Tel, Diouf ou Gusto<\/strong><br><br>Parmi les joueurs concern\u00e9s, l\u2019ancien Angevin Mohamed Ali-Cho (Real Sociedad) et Lucas Gourna-Douath (Salzbourg) ne participeront pas \u00e0 la Coupe du monde. Dans l\u2019Hexagone, l\u2019AJ Auxerre, qui lutte pour son maintien, ne veut pas lib\u00e9rer Isaak Tour\u00e9 et Matthis Abline. M\u00eame chose pour le RC Strasbourg, qui conserve dans ses rangs Isma\u00ebl Doukour\u00e9 pour la fin de saison.<br><br>Pour Sa\u00ebl Kumbedi, Malo Gusto (OL), Mathys Tel (Bayern Munich) ou Andy Diouf (FC B\u00e2le), l\u2019espoir subsiste encore. Dix ans apr\u00e8s le sacre de la g\u00e9n\u00e9ration Pogba-Veretout-Umtiti, la g\u00e9n\u00e9ration 2003 aura du mal \u00e0 remporter un deuxi\u00e8me titre mondial, m\u00eame si le tirage au sort des phases de poules a \u00e9t\u00e9 plut\u00f4t favorable aux Fran\u00e7ais (Cor\u00e9e du Sud, Gambie, Honduras).<br><br><strong>Les dates de la comp\u00e9tition posent question<\/strong><br><br>\u00ab Si l\u2019on prend le c\u00f4t\u00e9 positif, cela montre que nous avons des joueurs de grande qualit\u00e9 qui ont d\u00e9j\u00e0 fait leur place en pro, relativisait le directeur technique national, Hubert Fournier, dans les colonnes de L\u2019\u00c9quipe. Apr\u00e8s, nous sommes convaincus que ces absences permettront \u00e0 d\u2019autres joueurs de qualit\u00e9 d\u2019\u00e9merger. Ce qui nous interroge vraiment, c\u2019est ce choix de date par la Fifa. Nous sommes prisonniers de cela. Et c\u2019est dommage car cela d\u00e9value le tournoi. \u00bb<\/p>\n","protected":false},"excerpt":{"rendered":"<p>iGFM (Dakar) La Coupe du monde U20 d\u00e9marre le 20 mai 2023 en Argentine. Comme le S\u00e9n\u00e9gal, la France sera<\/p>\n","protected":false},"author":1,"featured_media":11707,"comment_status":"open","ping_status":"open","sticky":false,"template":"","format":"standard","meta":{"footnotes":""},"categories":[9],"tags":[],"class_list":["post-11706","post","type-post","status-publish","format-standard","has-post-thumbnail","hentry","category-sports"],"_links":{"self":[{"href":"https:\/\/dekkbi.com\/index.php?rest_route=\/wp\/v2\/posts\/11706","targetHints":{"allow":["GET"]}}],"collection":[{"href":"https:\/\/dekkbi.com\/index.php?rest_route=\/wp\/v2\/posts"}],"about":[{"href":"https:\/\/dekkbi.com\/index.php?rest_route=\/wp\/v2\/types\/post"}],"author":[{"embeddable":true,"href":"https:\/\/dekkbi.com\/index.php?rest_route=\/wp\/v2\/users\/1"}],"replies":[{"embeddable":true,"href":"https:\/\/dekkbi.com\/index.php?rest_route=%2Fwp%2Fv2%2Fcomments&post=11706"}],"version-history":[{"count":1,"href":"https:\/\/dekkbi.com\/index.php?rest_route=\/wp\/v2\/posts\/11706\/revisions"}],"predecessor-version":[{"id":11708,"href":"https:\/\/dekkbi.com\/index.php?rest_route=\/wp\/v2\/posts\/11706\/revisions\/11708"}],"wp:featuredmedia":[{"embeddable":true,"href":"https:\/\/dekkbi.com\/index.php?rest_route=\/wp\/v2\/media\/11707"}],"wp:attachment":[{"href":"https:\/\/dekkbi.com\/index.php?rest_route=%2Fwp%2Fv2%2Fmedia&parent=11706"}],"wp:term":[{"taxonomy":"category","embeddable":true,"href":"https:\/\/dekkbi.com\/index.php?rest_route=%2Fwp%2Fv2%2Fcategories&post=11706"},{"taxonomy":"post_tag","embeddable":true,"href":"https:\/\/dekkbi.com\/index.php?rest_route=%2Fwp%2Fv2%2Ftags&post=11706"}],"curies":[{"name":"wp","href":"https:\/\/api.w.org\/{rel}","templated":true}]}}