{"id":11704,"date":"2023-05-08T12:30:29","date_gmt":"2023-05-08T12:30:29","guid":{"rendered":"https:\/\/dekkbi.com\/?p=11704"},"modified":"2023-05-08T12:30:30","modified_gmt":"2023-05-08T12:30:30","slug":"senegal-justice-deux-ans-de-prison-dont-un-ferme-requis-en-appel-contre-ousmane-sonko","status":"publish","type":"post","link":"https:\/\/dekkbi.com\/?p=11704","title":{"rendered":"SENEGAL-JUSTICE \/ Deux ans de prison dont un ferme requis en appel contre Ousmane Sonko"},"content":{"rendered":"\n<p><strong>Dakar, 8 mai (APS) \u2013 Le minist\u00e8re public a requis lundi une peine de deux ans dont un ferme \u00e0 l\u2019encontre d\u2019Ousmane Sonko pour faux et usage de faux dans une affaire de diffamation l\u2019opposant au ministre du Tourisme, Mame Mbaye Niang, a constat\u00e9 l\u2019APS.<\/strong><\/p>\n\n\n\n<p>Le procureur a \u00e9galement demand\u00e9 au juge d\u2019ordonner l\u2019arrestation imm\u00e9diate de l\u2019opposant absent de l\u2019audience. Le verdict sera incessamment rendu.<\/p>\n\n\n\n<p>Le leader du parti Pastef avait \u00e9t\u00e9 condamn\u00e9 \u00e0 2 mois de prison avec sursis et \u00e0 payer 200 millions de francs au plaignant.<\/p>\n\n\n\n<p>AMN\/ABD\/AKS<\/p>\n","protected":false},"excerpt":{"rendered":"<p>Dakar, 8 mai (APS) \u2013 Le minist\u00e8re public a requis lundi une peine de deux ans dont un ferme \u00e0<\/p>\n","protected":false},"author":1,"featured_media":8758,"comment_status":"open","ping_status":"open","sticky":false,"template":"","format":"standard","meta":{"footnotes":""},"categories":[26],"tags":[],"class_list":["post-11704","post","type-post","status-publish","format-standard","has-post-thumbnail","hentry","category-fait-divers"],"_links":{"self":[{"href":"https:\/\/dekkbi.com\/index.php?rest_route=\/wp\/v2\/posts\/11704","targetHints":{"allow":["GET"]}}],"collection":[{"href":"https:\/\/dekkbi.com\/index.php?rest_route=\/wp\/v2\/posts"}],"about":[{"href":"https:\/\/dekkbi.com\/index.php?rest_route=\/wp\/v2\/types\/post"}],"author":[{"embeddable":true,"href":"https:\/\/dekkbi.com\/index.php?rest_route=\/wp\/v2\/users\/1"}],"replies":[{"embeddable":true,"href":"https:\/\/dekkbi.com\/index.php?rest_route=%2Fwp%2Fv2%2Fcomments&post=11704"}],"version-history":[{"count":1,"href":"https:\/\/dekkbi.com\/index.php?rest_route=\/wp\/v2\/posts\/11704\/revisions"}],"predecessor-version":[{"id":11705,"href":"https:\/\/dekkbi.com\/index.php?rest_route=\/wp\/v2\/posts\/11704\/revisions\/11705"}],"wp:featuredmedia":[{"embeddable":true,"href":"https:\/\/dekkbi.com\/index.php?rest_route=\/wp\/v2\/media\/8758"}],"wp:attachment":[{"href":"https:\/\/dekkbi.com\/index.php?rest_route=%2Fwp%2Fv2%2Fmedia&parent=11704"}],"wp:term":[{"taxonomy":"category","embeddable":true,"href":"https:\/\/dekkbi.com\/index.php?rest_route=%2Fwp%2Fv2%2Fcategories&post=11704"},{"taxonomy":"post_tag","embeddable":true,"href":"https:\/\/dekkbi.com\/index.php?rest_route=%2Fwp%2Fv2%2Ftags&post=11704"}],"curies":[{"name":"wp","href":"https:\/\/api.w.org\/{rel}","templated":true}]}}