{"id":11700,"date":"2023-05-07T10:08:19","date_gmt":"2023-05-07T10:08:19","guid":{"rendered":"https:\/\/dekkbi.com\/?p=11700"},"modified":"2023-05-07T10:08:20","modified_gmt":"2023-05-07T10:08:20","slug":"france-lenjeu-de-la-gestion-et-du-partage-de-leau-face-a-la-secheresse-grandissante","status":"publish","type":"post","link":"https:\/\/dekkbi.com\/?p=11700","title":{"rendered":"France: l&rsquo;enjeu de la gestion et du partage de l&rsquo;eau face \u00e0 la s\u00e9cheresse grandissante"},"content":{"rendered":"\n<p>En France, de nombreux d\u00e9partements font face \u00e0 une s\u00e9cheresse grandissante. Dans le Puy-de-D\u00f4me (centre de la France), une quarantaine de communes sont d\u00e9sormais concern\u00e9es par des mesures de restriction d&rsquo;eau. C&rsquo;est notamment le cas de la commune de Volvic o\u00f9 le groupe Danone puise et embouteille sa c\u00e9l\u00e8bre eau min\u00e9rale. Dans les Pyr\u00e9n\u00e9es-Orientales, la vente des piscines hors-sol sera interdite \u00e0 partir de la semaine prochaine. Dans ces deux cas, la question du partage \u00e9quitable de la ressource se trouve pos\u00e9e<\/p>\n\n\n\n<p> \/ FranceFrance: l&rsquo;enjeu de la gestion et du partage de l&rsquo;eau face \u00e0 la s\u00e9cheresse grandissantePubli\u00e9 le : 07\/05\/2023 &#8211; 07:17Le lit ass\u00e9ch\u00e9 du Gardon, dans le sud de la France (image d&rsquo;illustration).Le lit ass\u00e9ch\u00e9 du Gardon, dans le sud de la France (image d&rsquo;illustration). \u00a9 AFP\/Pascal GuyotTexte par :RFISuivre3 mnEn France, de nombreux d\u00e9partements font face \u00e0 une s\u00e9cheresse grandissante. Dans le Puy-de-D\u00f4me (centre de la France), une quarantaine de communes sont d\u00e9sormais concern\u00e9es par des mesures de restriction d&rsquo;eau. C&rsquo;est notamment le cas de la commune de Volvic o\u00f9 le groupe Danone puise et embouteille sa c\u00e9l\u00e8bre eau min\u00e9rale. Dans les Pyr\u00e9n\u00e9es-Orientales, la vente des piscines hors-sol sera interdite \u00e0 partir de la semaine prochaine. Dans ces deux cas, la question du partage \u00e9quitable de la ressource se trouve pos\u00e9e.PUBLICIT\u00c9Dans le Puy-de-D\u00f4me, parmi les mesures impos\u00e9es par la pr\u00e9fecture, il y a l&rsquo;interdiction de laver sa voiture, d&rsquo;arroser son jardin entre 10h et 18h ou de remplir sa piscine. Pour les activit\u00e9s industrielles, ordre est donn\u00e9 de r\u00e9duire de 25% la consommation d&rsquo;eau. Pourtant, la Soci\u00e9t\u00e9 des eaux de Volvic, signataire d&rsquo;un accord avec la pr\u00e9fecture, n&rsquo;est pas concern\u00e9e par ces restrictions. Une situation que d\u00e9nonce l&rsquo;association locale Eau bien commun 63. Ren\u00e9 Boyer, porte-parole de l&rsquo;association s&rsquo;\u00e9meut : \u00ab Volvic tire de l\u2019eau pour mettre en bouteille dans une nappe profonde, exclue de l\u2019arr\u00eat\u00e9 pr\u00e9fectoral s\u00e9cheresse. Depuis 2021, il a sign\u00e9 un plan d\u2019utilisation rationnelle de l\u2019eau (Pure). \u00bbEn \u00e9change d&rsquo;\u00e9conomie d&rsquo;eau toute l&rsquo;ann\u00e9e, Volvic n&rsquo;est donc pas concern\u00e9 par les restrictions d&rsquo;eau. \u00c9voquant son fort attachement au territoire, l&rsquo;entreprise s&rsquo;engage toute de m\u00eame \u00e0 r\u00e9duire de 5% ses pr\u00e9l\u00e8vements sur toute la dur\u00e9e de l&rsquo;arr\u00eat\u00e9. C&rsquo;est une fa\u00e7ade pour Ren\u00e9 Boyer : Volvic \u00ab se base en prenant les chiffres par rapport \u00e0 l\u2019autorisation qu\u2019ils ont, et non pas par rapport aux pr\u00e9l\u00e8vements qu\u2019ils font. Si on se base sur leurs pr\u00e9l\u00e8vements, effectivement les moins 5%, \u00e7a ne leur change rien \u00bb. Du c\u00f4t\u00e9 de la pr\u00e9fecture, on souligne l&rsquo;aspect pr\u00e9ventif de l&rsquo;arr\u00eat\u00e9 pris cette semaine et on met en avant l&rsquo;aspect vertueux des plans d\u2019utilisation rationnelle de l\u2019eau.Plus de piscines hors-sol dans les Pyr\u00e9n\u00e9es-Orientales <\/p>\n\n\n\n<p>\u00c0 partir du 10 mai, il ne sera plus possible d&rsquo;acheter des piscines hors-sol (type piscines gonflables) dans les Pyr\u00e9n\u00e9es-Orientales (Occitanie). Une d\u00e9cision annonc\u00e9e par le ministre de la Transition \u00e9cologique, Christophe B\u00e9chu, vendredi 5 mai sur la radio RTL, dans un contexte de s\u00e9cheresse exceptionnelle dans le d\u00e9partement. Des mesures compl\u00e9mentaires doivent \u00eatre annonc\u00e9es pour r\u00e9pondre \u00e0 une \u00ab situation de crise \u00bb.Cependant, pour Rapha\u00ebl Pradeau, militant et ancien porte-parole d&rsquo;Attac France (Association pour la taxation des transactions financi\u00e8res et pour l\u2019action citoyenne), la d\u00e9cision pose un v\u00e9ritable probl\u00e8me de justice sociale : \u00ab J\u2019avoue avoir \u00e9t\u00e9 surpris parce que je pense que cela pose un probl\u00e8me de justice sociale. On sait par plusieurs \u00e9tudes que ce sont les riches qui consomment beaucoup d\u2019eau. Et l\u00e0, le ministre annonce une mesure qui semble pointer du doigt les personnes qui justement ne peuvent pas acheter une piscine creus\u00e9e. Les personnes qui ach\u00e8tent les piscines gonflables, ce sont des personnes qui sont davantage modestes et qui n\u2019ont pas les moyens d\u2019acheter une piscine creus\u00e9e. \u00bb\u00ab Donc, je suis quand m\u00eame tr\u00e8s surpris, continue ce militant d&rsquo;Attac, de voir qu\u2019on interdit les piscines hors-sol et dans le m\u00eame temps, on n\u2019emp\u00eache pas la construction de piscine creus\u00e9e, que dans le m\u00eame temps, on pourra continuer \u00e0 arroser les terrains de golf. On a vu le d\u00e9bat &#8211; notamment \u00e0 Saint-Soline &#8211; parce que dans le m\u00eame temps, on va interdire les m\u00e9ga-bassines, m\u00eame des sacr\u00e9es grosses piscines hors-sol. L\u00e0, on voit du coup que la mesure qui est annonc\u00e9e semble stigmatiser les plus pauvres et ne pas s\u2019attaquer \u00e0 d\u2019autres usages de l\u2019eau tout aussi probl\u00e9matiques, l\u2019agriculture intensive ne semble pas concern\u00e9e par ces mesures \u00bb.<\/p>\n","protected":false},"excerpt":{"rendered":"<p>En France, de nombreux d\u00e9partements font face \u00e0 une s\u00e9cheresse grandissante. Dans le Puy-de-D\u00f4me (centre de la France), une quarantaine<\/p>\n","protected":false},"author":1,"featured_media":11701,"comment_status":"open","ping_status":"open","sticky":false,"template":"","format":"standard","meta":{"footnotes":""},"categories":[3],"tags":[],"class_list":["post-11700","post","type-post","status-publish","format-standard","has-post-thumbnail","hentry","category-event-more-news"],"_links":{"self":[{"href":"https:\/\/dekkbi.com\/index.php?rest_route=\/wp\/v2\/posts\/11700","targetHints":{"allow":["GET"]}}],"collection":[{"href":"https:\/\/dekkbi.com\/index.php?rest_route=\/wp\/v2\/posts"}],"about":[{"href":"https:\/\/dekkbi.com\/index.php?rest_route=\/wp\/v2\/types\/post"}],"author":[{"embeddable":true,"href":"https:\/\/dekkbi.com\/index.php?rest_route=\/wp\/v2\/users\/1"}],"replies":[{"embeddable":true,"href":"https:\/\/dekkbi.com\/index.php?rest_route=%2Fwp%2Fv2%2Fcomments&post=11700"}],"version-history":[{"count":1,"href":"https:\/\/dekkbi.com\/index.php?rest_route=\/wp\/v2\/posts\/11700\/revisions"}],"predecessor-version":[{"id":11702,"href":"https:\/\/dekkbi.com\/index.php?rest_route=\/wp\/v2\/posts\/11700\/revisions\/11702"}],"wp:featuredmedia":[{"embeddable":true,"href":"https:\/\/dekkbi.com\/index.php?rest_route=\/wp\/v2\/media\/11701"}],"wp:attachment":[{"href":"https:\/\/dekkbi.com\/index.php?rest_route=%2Fwp%2Fv2%2Fmedia&parent=11700"}],"wp:term":[{"taxonomy":"category","embeddable":true,"href":"https:\/\/dekkbi.com\/index.php?rest_route=%2Fwp%2Fv2%2Fcategories&post=11700"},{"taxonomy":"post_tag","embeddable":true,"href":"https:\/\/dekkbi.com\/index.php?rest_route=%2Fwp%2Fv2%2Ftags&post=11700"}],"curies":[{"name":"wp","href":"https:\/\/api.w.org\/{rel}","templated":true}]}}