{"id":11695,"date":"2023-05-07T10:03:21","date_gmt":"2023-05-07T10:03:21","guid":{"rendered":"https:\/\/dekkbi.com\/?p=11695"},"modified":"2023-05-07T10:03:21","modified_gmt":"2023-05-07T10:03:21","slug":"sante-de-nouvelles-pistes-pour-expliquer-le-covid-long","status":"publish","type":"post","link":"https:\/\/dekkbi.com\/?p=11695","title":{"rendered":"Sant\u00e9: de nouvelles pistes pour expliquer le Covid long"},"content":{"rendered":"\n<p>Une nouvelle piste se dessine pour expliquer le Covid long. De nouveaux travaux men\u00e9s par des \u00e9quipes de recherche de l\u2019Inserm de l&rsquo;universit\u00e9 Paris-Cit\u00e9 en collaboration avec l\u2019universit\u00e9 de Minho \u00e0 Braga (Portugal), viennent de montrer que le Covid long pourrait s\u2019expliquer biologiquement.<\/p>\n\n\n\n<p>RFI &#8211;  <\/p>\n\n\n\n<p>J\u00e9r\u00f4me Estaquier, auteur de ce travail, explique \u00e0 Lucie Bouteloup les principales conclusions de cette \u00e9tude men\u00e9e sur plus de 120 personnes : \u00ab Nous avons pu observer, apr\u00e8s six mois d\u2019infection, que chez les personnes chez qui on pouvait d\u00e9tecter des formes longues, on a pu identifier des biomarqueurs qui \u00e9taient pr\u00e9sents dans le sang de ces personnes. \u00bb\u00ab Un d\u00e9ficit de d\u00e9fense immunitaire \u00bb\u00ab L\u2019autre point qu\u2019on avait pu observer, poursuit J\u00e9r\u00f4me Estaquier, c\u2019est que r\u00e9trospectivement, ces formes longues \u00e9taient plut\u00f4t associ\u00e9es \u00e0 des personnes qui avaient fait des formes plus graves, avaient donc un d\u00e9ficit de d\u00e9fense immunitaire plus important et donc qui pouvait sugg\u00e9rer qu\u2019au d\u00e9but de l\u2019infection, plus les atteintes \u00e9taient importantes, plus le virus pouvait donc circuler, en particulier au niveau de l\u2019intestin, en tout cas du syst\u00e8me gastro-ent\u00e9rite et dans lequel en fait, des infections virales ou parasitaires peuvent persister. \u00bb\u00ab Par ailleurs, ces biomarqueurs ouvrent donc de nouvelles perspectives \u00e0 la fois dans le suivi des malades, mais aussi ouvrent des perspectives quant \u00e0 leur prise en charge, en particulier par l\u2019utilisation peut-\u00eatre d\u2019antir\u00e9troviraux ou d\u2019antiviraux qui permettrait effectivement l\u2019\u00e9limination de ce virus r\u00e9siduel, et donc de r\u00e9duire peut-\u00eatre les formes ou les cons\u00e9quences de cette persistance virale \u00bb, conclut le chercheur.Un ou plusieurs sympt\u00f4mes Fatigue, toux, essoufflement, fi\u00e8vre intermittente, perte du go\u00fbt ou de l&rsquo;odorat, difficult\u00e9s de concentration, d\u00e9pression&#8230; le Covid long se manifeste, selon l&rsquo;OMS, par un ou plusieurs sympt\u00f4mes, g\u00e9n\u00e9ralement dans les trois mois apr\u00e8s l&rsquo;infection, persistant au moins deux mois et ne s&rsquo;expliquant par aucun autre diagnostic, \u00e9crit l&rsquo;AFP. Tedros Adhanom Ghebreyesus, chef de l&rsquo;OMS, a d\u00e9clar\u00e9 fin avril 2023 qu&rsquo;une infection sur dix se traduisait par un Covid long, sugg\u00e9rant que des centaines de millions de personnes pourraient n\u00e9cessiter des soins de longue dur\u00e9e.<\/p>\n","protected":false},"excerpt":{"rendered":"<p>Une nouvelle piste se dessine pour expliquer le Covid long. De nouveaux travaux men\u00e9s par des \u00e9quipes de recherche de<\/p>\n","protected":false},"author":1,"featured_media":11697,"comment_status":"open","ping_status":"open","sticky":false,"template":"","format":"standard","meta":{"footnotes":""},"categories":[51],"tags":[],"class_list":["post-11695","post","type-post","status-publish","format-standard","has-post-thumbnail","hentry","category-general"],"_links":{"self":[{"href":"https:\/\/dekkbi.com\/index.php?rest_route=\/wp\/v2\/posts\/11695","targetHints":{"allow":["GET"]}}],"collection":[{"href":"https:\/\/dekkbi.com\/index.php?rest_route=\/wp\/v2\/posts"}],"about":[{"href":"https:\/\/dekkbi.com\/index.php?rest_route=\/wp\/v2\/types\/post"}],"author":[{"embeddable":true,"href":"https:\/\/dekkbi.com\/index.php?rest_route=\/wp\/v2\/users\/1"}],"replies":[{"embeddable":true,"href":"https:\/\/dekkbi.com\/index.php?rest_route=%2Fwp%2Fv2%2Fcomments&post=11695"}],"version-history":[{"count":1,"href":"https:\/\/dekkbi.com\/index.php?rest_route=\/wp\/v2\/posts\/11695\/revisions"}],"predecessor-version":[{"id":11698,"href":"https:\/\/dekkbi.com\/index.php?rest_route=\/wp\/v2\/posts\/11695\/revisions\/11698"}],"wp:featuredmedia":[{"embeddable":true,"href":"https:\/\/dekkbi.com\/index.php?rest_route=\/wp\/v2\/media\/11697"}],"wp:attachment":[{"href":"https:\/\/dekkbi.com\/index.php?rest_route=%2Fwp%2Fv2%2Fmedia&parent=11695"}],"wp:term":[{"taxonomy":"category","embeddable":true,"href":"https:\/\/dekkbi.com\/index.php?rest_route=%2Fwp%2Fv2%2Fcategories&post=11695"},{"taxonomy":"post_tag","embeddable":true,"href":"https:\/\/dekkbi.com\/index.php?rest_route=%2Fwp%2Fv2%2Ftags&post=11695"}],"curies":[{"name":"wp","href":"https:\/\/api.w.org\/{rel}","templated":true}]}}