{"id":11689,"date":"2023-05-07T09:52:46","date_gmt":"2023-05-07T09:52:46","guid":{"rendered":"https:\/\/dekkbi.com\/?p=11689"},"modified":"2023-05-07T09:52:47","modified_gmt":"2023-05-07T09:52:47","slug":"une-delegation-senegalaise-a-la-havane-pour-le-premier-congres-mondial-du-patrimoine-culturel","status":"publish","type":"post","link":"https:\/\/dekkbi.com\/?p=11689","title":{"rendered":"Une d\u00e9l\u00e9gation s\u00e9n\u00e9galaise \u00e0 La Havane pour le premier congr\u00e8s mondial du Patrimoine culturel"},"content":{"rendered":"\n<p>(APS)- Une d\u00e9l\u00e9gation s\u00e9n\u00e9galaise a pris part au premier Congr\u00e8s mondial du Patrimoine culturel qui s\u2019est tenu \u00e0 La Havane, la capitale de la R\u00e9publique de Cuba du 2 au 5 mai, a appris l\u2019APS de sources diplomatiques.<\/p>\n\n\n\n<p>La d\u00e9l\u00e9gation s\u00e9n\u00e9galaise comprenait notamment le directeur du patrimoine culturel, Oumar Badiane, directeur g\u00e9n\u00e9ral de l\u2019\u00c9cole Nationale des Arts et M\u00e9tiers de la Culture (ENAMC) ainsi que le directeur de l\u2019Institut Fondamental d\u2019Afrique Noire Cheikh Anta Diop (IFAN-CAD) Abdoulaye Baila Ndiaye, informe une note de l\u2019ambassade de Cuba \u00e0 Dakar.La m\u00eame source renseigne que les officiels du S\u00e9n\u00e9gal ont notamment salu\u00e9  \u00bbl\u2019approche cubaine \u00bb en mati\u00e8re de sauvegarde du patrimoine. Elle fait allusion \u00e0 la mise en \u0153uvre dans cet \u00c9tat insulaire des Cara\u00efbes  \u00bbde proc\u00e9dures et de cadres juridiques qui contribuent \u00e0 la conservation (\u2026) mais aussi \u00e0 l\u2019harmonie du patrimoine mat\u00e9riel et immat\u00e9riel avec les environnements communautaires \u00bb.En termes de perspectives, la d\u00e9l\u00e9gation s\u00e9n\u00e9galaise a \u00e9voqu\u00e9 avec les autorit\u00e9s cubaines quelques domaines pr\u00e9occupant Dakar, \u00e0 l\u2019instar du  \u00bbpatrimoine marin et la num\u00e9risation des archives qui sont tr\u00e8s sensibles au passage du temps en raison de leurs valeurs historiques et culturelles \u00bb, peut-on lire dans le m\u00eame document.Il informe que le premier Congr\u00e8s sur le patrimoine culturel de La Havane est une invite \u00e0 r\u00e9fl\u00e9chir sur  \u00bbla culture en tant que bien public mondial et la dimension sociale et \u00e9conomique de la culture, entre autres \u00bb.L\u2019ambassade de la R\u00e9publique de Cuba \u00e0 Dakar souligne \u00e9galement que  \u00bbla n\u00e9cessit\u00e9 d\u2019une plus grande coop\u00e9ration entre les pays du Sud et la lutte contre l\u2019h\u00e9g\u00e9monisme dans le domaine de la culture \u00bb ont \u00e9t\u00e9 parmi les th\u00e8mes abord\u00e9s lors de la r\u00e9union des ministres de la Culture du Groupe des 77 plus la Chine, qui s\u2019est tenue au Palais des Congr\u00e8s de La Havane.SMD <\/p>\n","protected":false},"excerpt":{"rendered":"<p>(APS)- Une d\u00e9l\u00e9gation s\u00e9n\u00e9galaise a pris part au premier Congr\u00e8s mondial du Patrimoine culturel qui s\u2019est tenu \u00e0 La Havane,<\/p>\n","protected":false},"author":1,"featured_media":11690,"comment_status":"open","ping_status":"open","sticky":false,"template":"","format":"standard","meta":{"footnotes":""},"categories":[21],"tags":[],"class_list":["post-11689","post","type-post","status-publish","format-standard","has-post-thumbnail","hentry","category-societe"],"_links":{"self":[{"href":"https:\/\/dekkbi.com\/index.php?rest_route=\/wp\/v2\/posts\/11689","targetHints":{"allow":["GET"]}}],"collection":[{"href":"https:\/\/dekkbi.com\/index.php?rest_route=\/wp\/v2\/posts"}],"about":[{"href":"https:\/\/dekkbi.com\/index.php?rest_route=\/wp\/v2\/types\/post"}],"author":[{"embeddable":true,"href":"https:\/\/dekkbi.com\/index.php?rest_route=\/wp\/v2\/users\/1"}],"replies":[{"embeddable":true,"href":"https:\/\/dekkbi.com\/index.php?rest_route=%2Fwp%2Fv2%2Fcomments&post=11689"}],"version-history":[{"count":1,"href":"https:\/\/dekkbi.com\/index.php?rest_route=\/wp\/v2\/posts\/11689\/revisions"}],"predecessor-version":[{"id":11691,"href":"https:\/\/dekkbi.com\/index.php?rest_route=\/wp\/v2\/posts\/11689\/revisions\/11691"}],"wp:featuredmedia":[{"embeddable":true,"href":"https:\/\/dekkbi.com\/index.php?rest_route=\/wp\/v2\/media\/11690"}],"wp:attachment":[{"href":"https:\/\/dekkbi.com\/index.php?rest_route=%2Fwp%2Fv2%2Fmedia&parent=11689"}],"wp:term":[{"taxonomy":"category","embeddable":true,"href":"https:\/\/dekkbi.com\/index.php?rest_route=%2Fwp%2Fv2%2Fcategories&post=11689"},{"taxonomy":"post_tag","embeddable":true,"href":"https:\/\/dekkbi.com\/index.php?rest_route=%2Fwp%2Fv2%2Ftags&post=11689"}],"curies":[{"name":"wp","href":"https:\/\/api.w.org\/{rel}","templated":true}]}}