{"id":11679,"date":"2023-05-07T09:40:53","date_gmt":"2023-05-07T09:40:53","guid":{"rendered":"https:\/\/dekkbi.com\/?p=11679"},"modified":"2023-05-07T09:40:54","modified_gmt":"2023-05-07T09:40:54","slug":"technologie-un-cable-sous-marin-100-senegalais-bientot-deploye","status":"publish","type":"post","link":"https:\/\/dekkbi.com\/?p=11679","title":{"rendered":"Technologie : Un c\u00e2ble sous-marin 100% s\u00e9n\u00e9galais bient\u00f4t d\u00e9ploy\u00e9"},"content":{"rendered":"\n<p>Le pr\u00e9sident de la R\u00e9publique, Macky Sall, va mettre en service le nouveau c\u00e2ble sous-marin s\u00e9n\u00e9galais, le 16 mai prochain, a annonc\u00e9, vendredi, \u00e0 Louga (nord),  le ministre de la Communication, des T\u00e9l\u00e9communication et l\u2019Economie num\u00e9rique, Moussa Bocar Thiam.\u00ab Le 16 mai prochain, le pr\u00e9sident de la R\u00e9publique va mettre en service le nouveau c\u00e2ble sous-marin 100% s\u00e9n\u00e9galais, une premi\u00e8re dans l\u2019histoire du pays \u00bb, a-t-il d\u00e9clar\u00e9 lors de l\u2019arriv\u00e9e officielle de la caravane \u00ab S\u00e9n\u00e9gal Connect \u00bb dans la capitale du Ndiambour, rapporte l\u2019APS.Le ministre a soulign\u00e9 que \u00ab le pr\u00e9sident de la R\u00e9publique a beaucoup investi dans le domaine du num\u00e9rique, pour nous permettre d\u2019avoir plus de 6000 kilom\u00e8tres de fibre, d\u2019avoir un parc technologique num\u00e9rique, un data center pour conserver nos donn\u00e9es et des espaces S\u00e9n\u00e9gal services, dans les 46 d\u00e9partements du pays \u00bb.<\/p>\n\n\n\n<p> Il a salu\u00e9 \u00ab les efforts consid\u00e9rables de l\u2019Etat dans les investissements, en termes d\u2019infrastructures technologiques num\u00e9riques \u00bb, soulignant que \u00ab plus de 200 milliards FCFA ont \u00e9t\u00e9 investis dans ce cadre \u00bb.Selon lui, \u00ab avec le num\u00e9rique, le S\u00e9n\u00e9gal \u00e0 l\u2019occasion de rattraper le retard consid\u00e9rable que nous avions eu  dans le d\u00e9veloppement de notre cher pays \u00bb. \u00ab Aujourd\u2019hui, on sait que le num\u00e9rique fait 10% du PIB s\u00e9n\u00e9galais, alors que dans tous les pays d\u00e9velopp\u00e9s, il est \u00e0 40% \u00bb, a-t-il fait remarquer.\u00ab Donc, nous avons un gap \u00e0 atteindre, mais je suis persuad\u00e9 que, dans les dix prochaines ann\u00e9es, le num\u00e9rique constituera le principal domaine d\u2019activit\u00e9s du pays \u00bb, a-t-il ajout\u00e9. Moussa Bocar Thiam estime que \u00ab le d\u00e9fi majeur aujourd\u2019hui  pour les S\u00e9n\u00e9galais, c\u2019est l\u2019usage du num\u00e9rique, notamment l\u2019usage des r\u00e9seaux sociaux \u00bb.\u00ab Les r\u00e9seaux sociaux doivent \u00eatre utilis\u00e9s de bonne foi, car le S\u00e9n\u00e9gal vient de conna\u00eetre leur essor, mais il ne sera plus permis \u00e0 personne de se terrer dans sa chambre,  de faire des vid\u00e9os pour insulter d\u2019honn\u00eates citoyens ou ternir l\u2019image du pays, inciter \u00e0 la haine et \u00e0 la violence, sans que \u00e7a ne soit pas suivi d\u2019effet \u00bb, a-t-il mis en garde.Il assure que \u00ab l\u2019Etat prendra toute ses responsabilit\u00e9s, pour qu\u2019on ait une utilisation l\u00e9gale et encadr\u00e9e selon les r\u00e8gles \u00e9dict\u00e9es par la loi \u00bb.<\/p>\n","protected":false},"excerpt":{"rendered":"<p>Le pr\u00e9sident de la R\u00e9publique, Macky Sall, va mettre en service le nouveau c\u00e2ble sous-marin s\u00e9n\u00e9galais, le 16 mai prochain,<\/p>\n","protected":false},"author":1,"featured_media":11680,"comment_status":"open","ping_status":"open","sticky":false,"template":"","format":"standard","meta":{"footnotes":""},"categories":[6],"tags":[],"class_list":["post-11679","post","type-post","status-publish","format-standard","has-post-thumbnail","hentry","category-politics"],"_links":{"self":[{"href":"https:\/\/dekkbi.com\/index.php?rest_route=\/wp\/v2\/posts\/11679","targetHints":{"allow":["GET"]}}],"collection":[{"href":"https:\/\/dekkbi.com\/index.php?rest_route=\/wp\/v2\/posts"}],"about":[{"href":"https:\/\/dekkbi.com\/index.php?rest_route=\/wp\/v2\/types\/post"}],"author":[{"embeddable":true,"href":"https:\/\/dekkbi.com\/index.php?rest_route=\/wp\/v2\/users\/1"}],"replies":[{"embeddable":true,"href":"https:\/\/dekkbi.com\/index.php?rest_route=%2Fwp%2Fv2%2Fcomments&post=11679"}],"version-history":[{"count":1,"href":"https:\/\/dekkbi.com\/index.php?rest_route=\/wp\/v2\/posts\/11679\/revisions"}],"predecessor-version":[{"id":11681,"href":"https:\/\/dekkbi.com\/index.php?rest_route=\/wp\/v2\/posts\/11679\/revisions\/11681"}],"wp:featuredmedia":[{"embeddable":true,"href":"https:\/\/dekkbi.com\/index.php?rest_route=\/wp\/v2\/media\/11680"}],"wp:attachment":[{"href":"https:\/\/dekkbi.com\/index.php?rest_route=%2Fwp%2Fv2%2Fmedia&parent=11679"}],"wp:term":[{"taxonomy":"category","embeddable":true,"href":"https:\/\/dekkbi.com\/index.php?rest_route=%2Fwp%2Fv2%2Fcategories&post=11679"},{"taxonomy":"post_tag","embeddable":true,"href":"https:\/\/dekkbi.com\/index.php?rest_route=%2Fwp%2Fv2%2Ftags&post=11679"}],"curies":[{"name":"wp","href":"https:\/\/api.w.org\/{rel}","templated":true}]}}