{"id":11665,"date":"2023-05-07T09:23:01","date_gmt":"2023-05-07T09:23:01","guid":{"rendered":"https:\/\/dekkbi.com\/?p=11665"},"modified":"2023-05-07T09:23:02","modified_gmt":"2023-05-07T09:23:02","slug":"recensement-des-commerces-et-systeme-de-controle-des-prix-la-campagne-officiellement-lancee","status":"publish","type":"post","link":"https:\/\/dekkbi.com\/?p=11665","title":{"rendered":"Recensement des commerces et syst\u00e8me de contr\u00f4le des prix : La campagne officiellement lanc\u00e9e"},"content":{"rendered":"\n<p>Le Ministre du Commerce, de la Consommation et des Petites et Moyennes entreprises a proc\u00e9d\u00e9 hier, vendredi 5 mai 2023, \u00e0 Dakar au lancement du programme de recensement des lieux de commerce et \u00e0 la pr\u00e9sentation du syst\u00e8me int\u00e9gr\u00e9 de contr\u00f4le des prix. L\u2019objectif de cette campagne est de mettre \u00e0 jour la cartographie des lieux de commerce du S\u00e9n\u00e9gal<\/p>\n\n\n\n<p>Le Minist\u00e8re du Commerce, de la Consommation et des Petites et Moyennes entreprises qui proc\u00e9dait hier vendredi, 5 mai 2023 \u00e0 Dakar, au lancement officiel de la campagne du programme de recensement des lieux de commerce, a aussi pr\u00e9sent\u00e9 son syst\u00e8me de contr\u00f4le des prix. Il consiste \u00e0 une plateforme num\u00e9rique d\u00e9nomm\u00e9e \u00ab Saytu njaay mi ak njek yi \u00bb.A travers celle-ci, l\u2019administration du commerce, les commer\u00e7ants ainsi que les consommateurs peuvent interagir pour recueillir des informations et signaler d\u2019\u00e9ventuelles irr\u00e9gularit\u00e9s relatives aux prix fix\u00e9s par l\u2019Etat du S\u00e9n\u00e9gal.\u00ab Le syst\u00e8me int\u00e9gr\u00e9 a pour objectif de moderniser le dispositif de contr\u00f4le des prix, faciliter la r\u00e9gulation du march\u00e9 int\u00e9rieur et de mani\u00e8re plus sp\u00e9cifique recenser le nombre de commerces existant sur le territoire national, g\u00e9olocaliser tous les commerces avec un code d\u2019identification personnalis\u00e9e ; digitaliser le dispositif de collecte et de traitement des infractions \u00bb, a expliqu\u00e9 le Ministre Abdou Karim Fofana.Selon ce dernier, cette activit\u00e9 arrive \u00e0 la suite du Conseil pr\u00e9sidentiel tenu le 5 novembre 2022 sur la chert\u00e9 de la vie, au cours duquel le Chef de l\u2019Etat avait ordonn\u00e9 le recrutement de 1000 volontaires de la consommation, charg\u00e9s d\u2019assister les agents asserment\u00e9s des services des enqu\u00eates et du contr\u00f4le \u00e9conomique.A en croire le ministre, la r\u00e9gion de Dakar compte 60 agents asserment\u00e9s pour le contr\u00f4le d\u2019environ 30 000 commerces. Il soutient que le contr\u00f4le sera plus efficient avec le recrutement des 1000 volontaires. S\u2019adressant \u00e0 ces derniers, le Porte-parole du gouvernement les a invit\u00e9s \u00e0 la rigueur et \u00e0 ne pas \u00ab outrepasser leur mission dans le travail \u00bb.Il indique par ailleurs que ces \u00ab nouveaux contr\u00f4leurs \u00bb ne doivent pas \u00eatre consid\u00e9r\u00e9s comme des gens l\u00e2ch\u00e9s \u00e0 la trousse des commer\u00e7ants. Prenant la parole, le pr\u00e9sident de l\u2019Association des boutiquiers et d\u00e9taillants du S\u00e9n\u00e9gal se dit satisfait de la nouvelle plateforme mise en place pour le contr\u00f4le des prix.Toutefois, Aliou Ba alerte contre tout abus des volontaires de la consommation dans leurs op\u00e9rations. Quant \u00e0 son coll\u00e8gue Khadim Sylla, pr\u00e9sident de l\u2019Association des commer\u00e7ants et industriels du S\u00e9n\u00e9gal, il salue l\u2019id\u00e9e du recensement annonc\u00e9. M. Sylla regrette cependant \u00ab l\u2019anarchie dont selon lui, les commer\u00e7ants sont victimes au S\u00e9n\u00e9gal<\/p>\n\n\n\n<p>Sud quotidien<div>.<\/div><\/p>\n","protected":false},"excerpt":{"rendered":"<p>Le Ministre du Commerce, de la Consommation et des Petites et Moyennes entreprises a proc\u00e9d\u00e9 hier, vendredi 5 mai 2023,<\/p>\n","protected":false},"author":1,"featured_media":11666,"comment_status":"open","ping_status":"open","sticky":false,"template":"","format":"standard","meta":{"footnotes":""},"categories":[3],"tags":[],"class_list":["post-11665","post","type-post","status-publish","format-standard","has-post-thumbnail","hentry","category-event-more-news"],"_links":{"self":[{"href":"https:\/\/dekkbi.com\/index.php?rest_route=\/wp\/v2\/posts\/11665","targetHints":{"allow":["GET"]}}],"collection":[{"href":"https:\/\/dekkbi.com\/index.php?rest_route=\/wp\/v2\/posts"}],"about":[{"href":"https:\/\/dekkbi.com\/index.php?rest_route=\/wp\/v2\/types\/post"}],"author":[{"embeddable":true,"href":"https:\/\/dekkbi.com\/index.php?rest_route=\/wp\/v2\/users\/1"}],"replies":[{"embeddable":true,"href":"https:\/\/dekkbi.com\/index.php?rest_route=%2Fwp%2Fv2%2Fcomments&post=11665"}],"version-history":[{"count":1,"href":"https:\/\/dekkbi.com\/index.php?rest_route=\/wp\/v2\/posts\/11665\/revisions"}],"predecessor-version":[{"id":11667,"href":"https:\/\/dekkbi.com\/index.php?rest_route=\/wp\/v2\/posts\/11665\/revisions\/11667"}],"wp:featuredmedia":[{"embeddable":true,"href":"https:\/\/dekkbi.com\/index.php?rest_route=\/wp\/v2\/media\/11666"}],"wp:attachment":[{"href":"https:\/\/dekkbi.com\/index.php?rest_route=%2Fwp%2Fv2%2Fmedia&parent=11665"}],"wp:term":[{"taxonomy":"category","embeddable":true,"href":"https:\/\/dekkbi.com\/index.php?rest_route=%2Fwp%2Fv2%2Fcategories&post=11665"},{"taxonomy":"post_tag","embeddable":true,"href":"https:\/\/dekkbi.com\/index.php?rest_route=%2Fwp%2Fv2%2Ftags&post=11665"}],"curies":[{"name":"wp","href":"https:\/\/api.w.org\/{rel}","templated":true}]}}