{"id":11659,"date":"2023-05-06T13:57:38","date_gmt":"2023-05-06T13:57:38","guid":{"rendered":"https:\/\/dekkbi.com\/?p=11659"},"modified":"2023-05-06T13:57:38","modified_gmt":"2023-05-06T13:57:38","slug":"loms-leve-lalerte-maximale-sur-la-pandemie-de-covid-19-qui-a-fait-au-moins-20-millions-de-morts","status":"publish","type":"post","link":"https:\/\/dekkbi.com\/?p=11659","title":{"rendered":"L&rsquo;OMS l\u00e8ve l&rsquo;alerte maximale sur la pand\u00e9mie de Covid-19 qui a fait \u201cau moins 20 millions\u201d de morts"},"content":{"rendered":"\n<p>L\u2019Organisation mondiale de la sant\u00e9 a lev\u00e9 vendredi son plus haut niveau d\u2019alerte sur la pand\u00e9mie de Covid-19, estimant qu\u2019elle \u00e9tait d\u00e9sormais suffisamment sous contr\u00f4le.<\/p>\n\n\n\n<p>C\u2019est avec beaucoup d\u2019espoir que je d\u00e9clare que le Covid-19 n\u2019est plus une urgence sanitaire de port\u00e9e internationale\u201d, a affirm\u00e9 le directeur g\u00e9n\u00e9ral de l\u2019OMS, Tedros Adhanom Ghebreyesus, estimant que la pand\u00e9mie avait fait \u201cau moins 20 millions\u201d de morts, presque trois fois plus que le bilan officiel de son organisation.La phase de crise de la pand\u00e9mie \u201cest pass\u00e9e, mais pas le Covid\u201dLa phase de crise de la pand\u00e9mie \u201cest pass\u00e9e, mais pas le Covid\u201d, a mis en garde vendredi Maria Van Kerkhove, en charge de la lutte contre le Covid-19 au sein de l\u2019OMS, qui vient de lever son niveau d\u2019alerte maximale.\u201cLa pire chose qu\u2019un pays puisse faire maintenant est d\u2019utiliser cette nouvelle comme une raison de baisser sa garde, de d\u00e9manteler les syst\u00e8mes qu\u2019il a construits ou d\u2019envoyer le message \u00e0 son peuple que le Covid-19 n\u2019a rien d\u2019inqui\u00e9tant\u201d, a rench\u00e9ri le directeur g\u00e9n\u00e9ral de l\u2019Organisation mondiale de la sant\u00e9 (OMS), Tedros Adhanom Ghebreyesus, lors du m\u00eame point de presse.\u201cGestion \u00e0 long terme\u201dLes experts consult\u00e9s par le directeur g\u00e9n\u00e9ral ont jug\u00e9 qu\u2019\u201dil \u00e9tait temps de passer \u00e0 une gestion \u00e0 long terme de la pand\u00e9mie de Covid-19&Prime; malgr\u00e9 les incertitudes qui subsistent sur l\u2019\u00e9volution du virus.Le plus haut niveau d\u2019alerte de l\u2019organisation avait \u00e9t\u00e9 d\u00e9cr\u00e9t\u00e9 le 30 janvier 2020, quelques semaines seulement apr\u00e8s la d\u00e9tection en Chine des premiers cas de cette nouvelle maladie virale respiratoire contre laquelle n\u2019existait alors aucun traitement sp\u00e9cifique.Mais il avait fallu attendre que le patron de l\u2019OMS parle de pand\u00e9mie en mars 2020 pour qu\u2019Etats et populations prennent conscience de la gravit\u00e9 de la situation et que des mesures sanitaires parfois tr\u00e8s contraignantes &#8211; jusqu\u2019\u00e0 de long mois de confinement &#8211; soient mises en place.Le SRAS-CoV-2 avait alors d\u00e9j\u00e0 bien entam\u00e9 son voyage mortel qui allait le voir \u00e9merger tr\u00e8s rapidement dans le dans le monde entier.La lutte contre la pand\u00e9mie s\u2019est invent\u00e9e au fur et \u00e0 mesure, souvent dans le d\u00e9sordre, comme l\u2019a illustr\u00e9 la gestion chaotique de la pr\u00e9sidence de Donald Trump, souvent sourde aux recommandations scientifiques.<\/p>\n","protected":false},"excerpt":{"rendered":"<p>L\u2019Organisation mondiale de la sant\u00e9 a lev\u00e9 vendredi son plus haut niveau d\u2019alerte sur la pand\u00e9mie de Covid-19, estimant qu\u2019elle<\/p>\n","protected":false},"author":1,"featured_media":11660,"comment_status":"open","ping_status":"open","sticky":false,"template":"","format":"standard","meta":{"footnotes":""},"categories":[51],"tags":[],"class_list":["post-11659","post","type-post","status-publish","format-standard","has-post-thumbnail","hentry","category-general"],"_links":{"self":[{"href":"https:\/\/dekkbi.com\/index.php?rest_route=\/wp\/v2\/posts\/11659","targetHints":{"allow":["GET"]}}],"collection":[{"href":"https:\/\/dekkbi.com\/index.php?rest_route=\/wp\/v2\/posts"}],"about":[{"href":"https:\/\/dekkbi.com\/index.php?rest_route=\/wp\/v2\/types\/post"}],"author":[{"embeddable":true,"href":"https:\/\/dekkbi.com\/index.php?rest_route=\/wp\/v2\/users\/1"}],"replies":[{"embeddable":true,"href":"https:\/\/dekkbi.com\/index.php?rest_route=%2Fwp%2Fv2%2Fcomments&post=11659"}],"version-history":[{"count":1,"href":"https:\/\/dekkbi.com\/index.php?rest_route=\/wp\/v2\/posts\/11659\/revisions"}],"predecessor-version":[{"id":11661,"href":"https:\/\/dekkbi.com\/index.php?rest_route=\/wp\/v2\/posts\/11659\/revisions\/11661"}],"wp:featuredmedia":[{"embeddable":true,"href":"https:\/\/dekkbi.com\/index.php?rest_route=\/wp\/v2\/media\/11660"}],"wp:attachment":[{"href":"https:\/\/dekkbi.com\/index.php?rest_route=%2Fwp%2Fv2%2Fmedia&parent=11659"}],"wp:term":[{"taxonomy":"category","embeddable":true,"href":"https:\/\/dekkbi.com\/index.php?rest_route=%2Fwp%2Fv2%2Fcategories&post=11659"},{"taxonomy":"post_tag","embeddable":true,"href":"https:\/\/dekkbi.com\/index.php?rest_route=%2Fwp%2Fv2%2Ftags&post=11659"}],"curies":[{"name":"wp","href":"https:\/\/api.w.org\/{rel}","templated":true}]}}