{"id":11618,"date":"2023-05-06T10:03:08","date_gmt":"2023-05-06T10:03:08","guid":{"rendered":"https:\/\/dekkbi.com\/?p=11618"},"modified":"2023-05-06T10:03:09","modified_gmt":"2023-05-06T10:03:09","slug":"poignees-de-mains-entre-macky-sall-barth-et-khalifa-sall-yewwi-denonce-une-tentative-de-reluire-limage-de-macky-sall-balafree-par-sa-gouvernance-calamiteuse","status":"publish","type":"post","link":"https:\/\/dekkbi.com\/?p=11618","title":{"rendered":"Poign\u00e9es de mains entre Macky Sall, Barth et Khalifa Sall : Yewwi d\u00e9nonce une \u00ab\u00a0tentative de reluire l\u2019image de Macky Sall balafr\u00e9e par sa gouvernance calamiteuse\u00a0\u00bb"},"content":{"rendered":"\n<p>En marge du Forum mondial de l\u2019\u00e9conomie sociale et solidaire, des leaders de la principale coalition de l\u2019opposition Yewwi Askan Wi (Yaw) \u00e0 savoir Khalifa Sall, Barth\u00e9l\u00e9my Dias et Habib Sy ont rencontr\u00e9 Macky Sall. Ils ont \u00e9chang\u00e9 de chaleureuses poign\u00e9es de main. Ces derni\u00e8res ont provoqu\u00e9 d\u2019\u00e9normes s\u00e9ances d\u2019interpr\u00e9tations de la part des S\u00e9n\u00e9galais. Elles ont valu \u00e0 ces leaders de YAW pr\u00e9c\u00e9demment nomm\u00e9s une pluie de critiques dans un contexte politique marqu\u00e9 par des controverses sur la question du dialogue politique initi\u00e9 par Macky Sall. Suffisant pour forcer ladite coalition \u00e0 sortir un communiqu\u00e9 pour apporter des pr\u00e9cisions concernant cette rencontre. Voici \u00e0 cet effet l\u2019int\u00e9gralit\u00e9 du communiqu\u00e9 de Yewwi Askan Wi\u00ab Dakar accueille le forum mondial de l\u2019\u00e9conomie sociale et solidaire. Le maire Yewwi Askan Wi de la capitale, Barth\u00e9lemy Toye Dias, a eu l\u2019amabilit\u00e9 d\u2019Inviter le Pr\u00e9sident de la Conf\u00e9rence des Leaders Habib Sy au nom de la Coalition, et le Maire honoraire de la ville de Dakar Khalifa Soli, \u00e0 la c\u00e9r\u00e9monie d\u2019ouverture.<\/p>\n\n\n\n<p>DakarActu<\/p>\n","protected":false},"excerpt":{"rendered":"<p>En marge du Forum mondial de l\u2019\u00e9conomie sociale et solidaire, des leaders de la principale coalition de l\u2019opposition Yewwi Askan<\/p>\n","protected":false},"author":1,"featured_media":11567,"comment_status":"open","ping_status":"open","sticky":false,"template":"","format":"standard","meta":{"footnotes":""},"categories":[6],"tags":[],"class_list":["post-11618","post","type-post","status-publish","format-standard","has-post-thumbnail","hentry","category-politics"],"_links":{"self":[{"href":"https:\/\/dekkbi.com\/index.php?rest_route=\/wp\/v2\/posts\/11618","targetHints":{"allow":["GET"]}}],"collection":[{"href":"https:\/\/dekkbi.com\/index.php?rest_route=\/wp\/v2\/posts"}],"about":[{"href":"https:\/\/dekkbi.com\/index.php?rest_route=\/wp\/v2\/types\/post"}],"author":[{"embeddable":true,"href":"https:\/\/dekkbi.com\/index.php?rest_route=\/wp\/v2\/users\/1"}],"replies":[{"embeddable":true,"href":"https:\/\/dekkbi.com\/index.php?rest_route=%2Fwp%2Fv2%2Fcomments&post=11618"}],"version-history":[{"count":1,"href":"https:\/\/dekkbi.com\/index.php?rest_route=\/wp\/v2\/posts\/11618\/revisions"}],"predecessor-version":[{"id":11619,"href":"https:\/\/dekkbi.com\/index.php?rest_route=\/wp\/v2\/posts\/11618\/revisions\/11619"}],"wp:featuredmedia":[{"embeddable":true,"href":"https:\/\/dekkbi.com\/index.php?rest_route=\/wp\/v2\/media\/11567"}],"wp:attachment":[{"href":"https:\/\/dekkbi.com\/index.php?rest_route=%2Fwp%2Fv2%2Fmedia&parent=11618"}],"wp:term":[{"taxonomy":"category","embeddable":true,"href":"https:\/\/dekkbi.com\/index.php?rest_route=%2Fwp%2Fv2%2Fcategories&post=11618"},{"taxonomy":"post_tag","embeddable":true,"href":"https:\/\/dekkbi.com\/index.php?rest_route=%2Fwp%2Fv2%2Ftags&post=11618"}],"curies":[{"name":"wp","href":"https:\/\/api.w.org\/{rel}","templated":true}]}}