{"id":11609,"date":"2023-05-06T09:36:05","date_gmt":"2023-05-06T09:36:05","guid":{"rendered":"https:\/\/dekkbi.com\/?p=11609"},"modified":"2023-05-06T09:36:06","modified_gmt":"2023-05-06T09:36:06","slug":"ceremonie-dinauguration-la-chambre-des-notaires-du-senegal-se-dote-dun-nouveau-siege","status":"publish","type":"post","link":"https:\/\/dekkbi.com\/?p=11609","title":{"rendered":"C\u00e9r\u00e9monie d\u2019inauguration : La Chambre des Notaires du S\u00e9n\u00e9gal se dote d\u2019un nouveau si\u00e8ge"},"content":{"rendered":"\n<p>La Chambre des Notaires du S\u00e9n\u00e9gal (CDNS) a proc\u00e9d\u00e9 ce vendredi 5 mai 2023 \u00e0 l\u2019inauguration de son si\u00e8ge situ\u00e9 en centre-ville non loin de la place de l\u2019ind\u00e9pendance. Cette c\u00e9r\u00e9monie inaugurale du nouveau si\u00e8ge des notaires \u00e0 vu la pr\u00e9sence plusieurs membres de la corporation, du secr\u00e9taire g\u00e9n\u00e9ral de la caisse de d\u00e9p\u00f4t et des consignation monsieur Cheikh Seck ainsi que le garde Sceaux, ministre de la Justice monsieur Ismael Madior Fall qui a pr\u00e9sid\u00e9 l\u2019\u00e9v\u00e9nement. \u00ab On vous a donn\u00e9 ce b\u00e2timent, mais vous en avez fait un bijou, comme qui dirait vous avez le don, j\u2019allais dire l\u2019art de transformer le fer en or \u00bb affirme le garde Sceaux, ministre de la Justice lors de son allocution.En effet, l\u2019\u00e9rection de ce b\u00e2timent flambant neuf est n\u00e9 gr\u00e2ce \u00e0 un partenariat public-priv\u00e9 et a \u00e9t\u00e9 ensuite r\u00e9nov\u00e9 et achev\u00e9 au bout de 6 mois et a co\u00fbt\u00e9 plus de 106 millions de FCFA \u00e0 la Chambre des Notaires du S\u00e9n\u00e9gal. Ainsi, cette nouvelle maison des Notaires du S\u00e9n\u00e9gal qui va accueillir toute la corporation, comprend une salle d\u2019attente, deux salles de r\u00e9union modulables, 6 bureaux, un r\u00e9fectoire, une terrasse am\u00e9nageable et des espaces d&rsquo;archives.\u00c0 cet effet, lors de son allocution, la pr\u00e9sidente de la Aida Diawara Diagne, \u00ab invite tous les membres  \u00e0 s\u2019approprier ce lieu qui appartient \u00e0 chacun d\u2019entre nous et qui se veut un point de notre profession \u00bb.<\/p>\n\n\n\n<p>SOURCE DAKARACTU<\/p>\n","protected":false},"excerpt":{"rendered":"<p>La Chambre des Notaires du S\u00e9n\u00e9gal (CDNS) a proc\u00e9d\u00e9 ce vendredi 5 mai 2023 \u00e0 l\u2019inauguration de son si\u00e8ge situ\u00e9<\/p>\n","protected":false},"author":1,"featured_media":11610,"comment_status":"open","ping_status":"open","sticky":false,"template":"","format":"standard","meta":{"footnotes":""},"categories":[21],"tags":[],"class_list":["post-11609","post","type-post","status-publish","format-standard","has-post-thumbnail","hentry","category-societe"],"_links":{"self":[{"href":"https:\/\/dekkbi.com\/index.php?rest_route=\/wp\/v2\/posts\/11609","targetHints":{"allow":["GET"]}}],"collection":[{"href":"https:\/\/dekkbi.com\/index.php?rest_route=\/wp\/v2\/posts"}],"about":[{"href":"https:\/\/dekkbi.com\/index.php?rest_route=\/wp\/v2\/types\/post"}],"author":[{"embeddable":true,"href":"https:\/\/dekkbi.com\/index.php?rest_route=\/wp\/v2\/users\/1"}],"replies":[{"embeddable":true,"href":"https:\/\/dekkbi.com\/index.php?rest_route=%2Fwp%2Fv2%2Fcomments&post=11609"}],"version-history":[{"count":1,"href":"https:\/\/dekkbi.com\/index.php?rest_route=\/wp\/v2\/posts\/11609\/revisions"}],"predecessor-version":[{"id":11611,"href":"https:\/\/dekkbi.com\/index.php?rest_route=\/wp\/v2\/posts\/11609\/revisions\/11611"}],"wp:featuredmedia":[{"embeddable":true,"href":"https:\/\/dekkbi.com\/index.php?rest_route=\/wp\/v2\/media\/11610"}],"wp:attachment":[{"href":"https:\/\/dekkbi.com\/index.php?rest_route=%2Fwp%2Fv2%2Fmedia&parent=11609"}],"wp:term":[{"taxonomy":"category","embeddable":true,"href":"https:\/\/dekkbi.com\/index.php?rest_route=%2Fwp%2Fv2%2Fcategories&post=11609"},{"taxonomy":"post_tag","embeddable":true,"href":"https:\/\/dekkbi.com\/index.php?rest_route=%2Fwp%2Fv2%2Ftags&post=11609"}],"curies":[{"name":"wp","href":"https:\/\/api.w.org\/{rel}","templated":true}]}}