{"id":11589,"date":"2023-05-05T10:49:27","date_gmt":"2023-05-05T10:49:27","guid":{"rendered":"https:\/\/dekkbi.com\/?p=11589"},"modified":"2023-05-05T10:49:28","modified_gmt":"2023-05-05T10:49:28","slug":"sedhiou-revue-annuelle-du-programme-damelioration-de-la-qualite-de-leducation-les-bonnes-notes-de-lacademie-malgre-les-defis-persistants","status":"publish","type":"post","link":"https:\/\/dekkbi.com\/?p=11589","title":{"rendered":"S\u00e9dhiou-revue annuelle du programme d\u2019am\u00e9lioration de la qualit\u00e9 de l\u2019\u00e9ducation: les bonnes notes de l\u2019acad\u00e9mie, malgr\u00e9 les d\u00e9fis persistants !"},"content":{"rendered":"\n<p><strong>L\u2019inspection d\u2019acad\u00e9mie de S\u00e9dhiou a proc\u00e9d\u00e9 hier, jeudi 4 mai, \u00e0 la revue de son plan de travail au titre de dernier exercice de mise en \u0153uvre des activit\u00e9s. Il en ressort un bilan satisfaisant m\u00eame si quelques difficult\u00e9s persistent toujours. Le d\u00e9fi de la promotion des disciplines scientifiques est lanc\u00e9 comme un engagement ferme \u00e0 faciliter l\u2019acc\u00e8s aux \u00e9l\u00e8ves souvent ind\u00e9cis et surtout dans la perspective de la mise en service du Lyc\u00e9e d\u2019int\u00e9gration nationale pour l\u2019\u00e9quit\u00e9 et la qualit\u00e9 (LINEQ) d\u00e8s l\u2019ouverture prochaine des classes.<\/strong><\/p>\n\n\n\n<p>La revue annuelle du programme d\u2019am\u00e9lioration de la qualit\u00e9, de l\u2019\u00e9quit\u00e9 et de la transparence (PAQUET) est un exercice de reddition des comptes et de planification des activit\u00e9s auquel s\u2019adonne l\u2019inspection d\u2019acad\u00e9mie pour un bon fonctionnement. Celle de ce jeudi dresse un bilan satisfaisant si l\u2019on en croit l\u2019inspecteur d\u2019acad\u00e9mie de S\u00e9dhiou, Papa Gorgui Ndiaye&nbsp;:&nbsp;\u00ab&nbsp;l\u2019ann\u00e9e derni\u00e8re, il y\u2019avait un plan de travail annuel (PTA) que nous avions d\u00e9roul\u00e9 pendant toute l\u2019ann\u00e9e. Et comme vous le savez, \u00e0 la fin de chaque ann\u00e9e, le gouverneur convoque tous les acteurs et les partenaires de l\u2019\u00e9ducation pour qu\u2019on puisse pr\u00e9senter les r\u00e9sultats. Et globalement, le bilan est jug\u00e9 satisfaisant. Ce sont les indicateurs d\u2019acc\u00e8s mais aussi des indicateurs de qualit\u00e9&nbsp;\u00bb, souligne-t-il. Toutefois, pr\u00e9cise-t-il, quelques points noirs subsistent sur ce reluisant tableau&nbsp;:&nbsp;\u00ab&nbsp;nous avons eu \u00e0 enregistrer quand m\u00eame quelques baisses de performance par rapport \u00e0 l\u2019ann\u00e9e de r\u00e9f\u00e9rence, c\u2019est-\u00e0-dire 2021 relativement au taux d\u2019acc\u00e8s. Le TBS (taux brut de scolarisation) a \u00e9galement connu une petite baisse \u00e0 l\u2019\u00e9l\u00e9mentaire de m\u00eame que le TBS au niveau du moyen. Mais pour les indicateurs de qualit\u00e9, v\u00e9ritablement et \u00e0 tous les niveaux, l\u2019acad\u00e9mie a enregistr\u00e9 des hausses&nbsp;\u00bb.<\/p>\n\n\n\n<p><strong>Halte \u00e0 la diabolisation des mati\u00e8res scientifiques&nbsp;!<\/strong><\/p>\n\n\n\n<p>Aussi a-t-on relev\u00e9 la faiblesse des indicateurs d\u2019acc\u00e8s dans les s\u00e9ries scientifiques nonobstant les efforts en cours.&nbsp;\u00abPour corriger&nbsp;cela, c\u2019est \u00e0 trois niveaux qu\u2019il faut agir. D\u2019abord au niveau de l\u2019\u00e9l\u00e8ve, c\u2019est de l\u2019encourager et l\u2019accompagner pour qu\u2019il n\u2019ait plus peur des disciplines scientifiques. Quelqu\u2019un a parl\u00e9 de diabolisation comme si ce n\u2019\u00e9tait pas une discipline comme les autres. Il faudrait qu\u2019on revoie la mani\u00e8re d\u2019enseigner. Il y\u2019a aussi le troisi\u00e8me aspect qui est l\u2019am\u00e9lioration de l\u2019environnement scientifique en attendant, bien entendu, la finalisation du grand projet de l\u2019acad\u00e9mie de S\u00e9dhiou, c\u2019est-\u00e0-dire le Lyc\u00e9e d\u2019int\u00e9gration nationale pour l\u2019\u00e9quit\u00e9 et la qualit\u00e9 (LINEQ). Le chef de l\u2019\u00c9tat a donn\u00e9 des recommandations fortes pour promouvoir les disciplines scientifiques et nous travaillons donc \u00e0 donner corps \u00e0 cette vision de Monsieur le pr\u00e9sident de la R\u00e9publique&nbsp;\u00bb, s\u2019engage-t-il. Les \u00e9changes ont \u00e9t\u00e9 fructueux entre diff\u00e9rents acteurs du syst\u00e8me \u00e9ducatif sous l\u2019autorit\u00e9 de Modou Gu\u00e8ye, l\u2019adjoint au gouverneur de S\u00e9dhiou charg\u00e9 des affaires administratives et des partenaires d\u2019accompagnement de l\u2019\u00e9cole.<\/p>\n\n\n\n<p><strong>Moussa DRAME<\/strong><\/p>\n","protected":false},"excerpt":{"rendered":"<p>L\u2019inspection d\u2019acad\u00e9mie de S\u00e9dhiou a proc\u00e9d\u00e9 hier, jeudi 4 mai, \u00e0 la revue de son plan de travail au titre<\/p>\n","protected":false},"author":1,"featured_media":11590,"comment_status":"open","ping_status":"open","sticky":false,"template":"","format":"standard","meta":{"footnotes":""},"categories":[21],"tags":[],"class_list":["post-11589","post","type-post","status-publish","format-standard","has-post-thumbnail","hentry","category-societe"],"_links":{"self":[{"href":"https:\/\/dekkbi.com\/index.php?rest_route=\/wp\/v2\/posts\/11589","targetHints":{"allow":["GET"]}}],"collection":[{"href":"https:\/\/dekkbi.com\/index.php?rest_route=\/wp\/v2\/posts"}],"about":[{"href":"https:\/\/dekkbi.com\/index.php?rest_route=\/wp\/v2\/types\/post"}],"author":[{"embeddable":true,"href":"https:\/\/dekkbi.com\/index.php?rest_route=\/wp\/v2\/users\/1"}],"replies":[{"embeddable":true,"href":"https:\/\/dekkbi.com\/index.php?rest_route=%2Fwp%2Fv2%2Fcomments&post=11589"}],"version-history":[{"count":1,"href":"https:\/\/dekkbi.com\/index.php?rest_route=\/wp\/v2\/posts\/11589\/revisions"}],"predecessor-version":[{"id":11591,"href":"https:\/\/dekkbi.com\/index.php?rest_route=\/wp\/v2\/posts\/11589\/revisions\/11591"}],"wp:featuredmedia":[{"embeddable":true,"href":"https:\/\/dekkbi.com\/index.php?rest_route=\/wp\/v2\/media\/11590"}],"wp:attachment":[{"href":"https:\/\/dekkbi.com\/index.php?rest_route=%2Fwp%2Fv2%2Fmedia&parent=11589"}],"wp:term":[{"taxonomy":"category","embeddable":true,"href":"https:\/\/dekkbi.com\/index.php?rest_route=%2Fwp%2Fv2%2Fcategories&post=11589"},{"taxonomy":"post_tag","embeddable":true,"href":"https:\/\/dekkbi.com\/index.php?rest_route=%2Fwp%2Fv2%2Ftags&post=11589"}],"curies":[{"name":"wp","href":"https:\/\/api.w.org\/{rel}","templated":true}]}}