{"id":11586,"date":"2023-05-05T10:46:03","date_gmt":"2023-05-05T10:46:03","guid":{"rendered":"https:\/\/dekkbi.com\/?p=11586"},"modified":"2023-05-05T10:46:04","modified_gmt":"2023-05-05T10:46:04","slug":"macky-sall-sur-le-rechauffement-climatique-il-y-a-du-sens-a-tenir-compte-de-la-responsabilite-commune-mais-differenciee-des-pays-face-au-peril-climatique","status":"publish","type":"post","link":"https:\/\/dekkbi.com\/?p=11586","title":{"rendered":"Macky Sall sur le r\u00e9chauffement climatique: \u00ab Il y a du sens \u00e0 tenir compte de la responsabilit\u00e9 commune mais diff\u00e9renci\u00e9e des pays face au p\u00e9ril climatique \u00bb"},"content":{"rendered":"\n<p>La promotion de l\u2019\u00e9conomie verte occupe \u00e9galement une place centrale dans le cadre du Forum mondial de l\u2019\u00e9conomie sociale et solidaire. Le chef de l\u2019\u00c9tat qui a pr\u00e9sid\u00e9 la c\u00e9r\u00e9monie d\u2019ouverture, a tir\u00e9 la sonnette d\u2019alarme sur la menace qui plane sur notre plan\u00e8te concernant le r\u00e9chauffement climatique. \u00a0\u00a0\u00bb Mesdames, Messieurs, en parcourant les sous-th\u00e8mes de votre Forum, je me rends \u00e9galement compte que le d\u00e9veloppement durable, \u00e0 travers la promotion de l\u2019\u00e9conomie verte, est au c\u0153ur de votre agenda. Cela a du sens puisque le r\u00e9chauffement climatique constitue d\u00e9sormais une menace existentielle pour la plan\u00e8te terre, notre habitat commun. <\/p>\n\n\n\n<p>En m\u00eame temps, il y a du sens \u00e0 tenir compte de la responsabilit\u00e9 commune mais diff\u00e9renci\u00e9e des pays face au p\u00e9ril climatique. J\u2019entends par l\u00e0 que si nous devons tous \u0153uvrer \u00e0 la r\u00e9alisation du d\u00e9veloppement durable par des politiques \u00e9conomiques sobres en carbone, il est juste et \u00e9quitable de faire la part des choses. Les pays les moins pollueurs, qui subissent le plus les effets du r\u00e9chauffement climatique, et qui sont les plus en retard sur le processus d\u2019industrialisation, ne peuvent pas porter les m\u00eames responsabilit\u00e9s que les pays industrialis\u00e9s dont les sch\u00e9mas de production, depuis la r\u00e9volution industrielle \u00e0 la fin du 18e si\u00e8cle, ont progressivement plong\u00e9 la plan\u00e8te dans l\u2019\u00e9tat d\u2019urgence climatique actuel. C\u2019est tout le sens de la revendication des pays en d\u00e9veloppement pour une transition \u00e9nerg\u00e9tique juste et \u00e9quitable, leur permettant de disposer d\u2019une \u00e9nergie de base pour am\u00e9liorer leur comp\u00e9titivit\u00e9 \u00e9conomique et r\u00e9aliser l\u2019acc\u00e8s universel \u00e0 l\u2019\u00e9lectricit\u00e9\u00a0\u00bb. <\/p>\n\n\n\n<p>Avant de conclure, le pr\u00e9sident de la R\u00e9publique d\u2019appeler \u00e0 une mobilisation nationale et internationale. \u00a0\u00bb A titre d\u2019exemple, je rappelle que plus de 600 millions d\u2019africains vivent encore sans \u00e9lectricit\u00e9. C\u2019est dire, mesdames, messieurs, que les probl\u00e9matiques que vous aborderez ici, aussi percutantes les unes que les autres, montrent qu\u2019au-del\u00e0 de l\u2019\u00e9conomie solidaire et sociale, votre Forum pose des questions essentielles qui nous interpellent solidairement.\u00a0 <\/p>\n\n\n\n<p>Tous, ensemble, pays du Nord et du Sud, autorit\u00e9s \u00e9tatiques et locales, secteur priv\u00e9, leaders d\u2019opinion et citoyens, nous devons rester mobilis\u00e9s pour contribuer \u00e0 la recherche de solutions concert\u00e9es et efficaces. J\u2019esp\u00e8re que vos assises nous permettront de poser un jalon de plus dans ce sens, pour un monde meilleur, parce que plus juste et plus solidaire\u00a0\u00bb.<\/p>\n","protected":false},"excerpt":{"rendered":"<p>La promotion de l\u2019\u00e9conomie verte occupe \u00e9galement une place centrale dans le cadre du Forum mondial de l\u2019\u00e9conomie sociale et<\/p>\n","protected":false},"author":1,"featured_media":11587,"comment_status":"open","ping_status":"open","sticky":false,"template":"","format":"standard","meta":{"footnotes":""},"categories":[3],"tags":[],"class_list":["post-11586","post","type-post","status-publish","format-standard","has-post-thumbnail","hentry","category-event-more-news"],"_links":{"self":[{"href":"https:\/\/dekkbi.com\/index.php?rest_route=\/wp\/v2\/posts\/11586","targetHints":{"allow":["GET"]}}],"collection":[{"href":"https:\/\/dekkbi.com\/index.php?rest_route=\/wp\/v2\/posts"}],"about":[{"href":"https:\/\/dekkbi.com\/index.php?rest_route=\/wp\/v2\/types\/post"}],"author":[{"embeddable":true,"href":"https:\/\/dekkbi.com\/index.php?rest_route=\/wp\/v2\/users\/1"}],"replies":[{"embeddable":true,"href":"https:\/\/dekkbi.com\/index.php?rest_route=%2Fwp%2Fv2%2Fcomments&post=11586"}],"version-history":[{"count":1,"href":"https:\/\/dekkbi.com\/index.php?rest_route=\/wp\/v2\/posts\/11586\/revisions"}],"predecessor-version":[{"id":11588,"href":"https:\/\/dekkbi.com\/index.php?rest_route=\/wp\/v2\/posts\/11586\/revisions\/11588"}],"wp:featuredmedia":[{"embeddable":true,"href":"https:\/\/dekkbi.com\/index.php?rest_route=\/wp\/v2\/media\/11587"}],"wp:attachment":[{"href":"https:\/\/dekkbi.com\/index.php?rest_route=%2Fwp%2Fv2%2Fmedia&parent=11586"}],"wp:term":[{"taxonomy":"category","embeddable":true,"href":"https:\/\/dekkbi.com\/index.php?rest_route=%2Fwp%2Fv2%2Fcategories&post=11586"},{"taxonomy":"post_tag","embeddable":true,"href":"https:\/\/dekkbi.com\/index.php?rest_route=%2Fwp%2Fv2%2Ftags&post=11586"}],"curies":[{"name":"wp","href":"https:\/\/api.w.org\/{rel}","templated":true}]}}