{"id":11564,"date":"2023-05-05T08:54:42","date_gmt":"2023-05-05T08:54:42","guid":{"rendered":"https:\/\/dekkbi.com\/?p=11564"},"modified":"2023-05-05T08:54:43","modified_gmt":"2023-05-05T08:54:43","slug":"dialogue-politique-dethie-fall-clarifie-sa-position","status":"publish","type":"post","link":"https:\/\/dekkbi.com\/?p=11564","title":{"rendered":"Dialogue politique: D\u00e9thi\u00e9 Fall clarifie sa position"},"content":{"rendered":"\n<p>iGFM &#8211; (Dakar) D\u00e9thi\u00e9 Fall et son parti politique ont d\u00e9clin\u00e9 l\u2019offre de dialogue de Macky Sall. Ils viennent de donner, ce jeudi, leur position sur la question.<\/p>\n\n\n\n<p>Le dialogue politique voulu par Macky Sall se fera sans le Parti R\u00e9publicain pour le Progr\u00e8s (Prp). C\u2019est ce que vient d\u2019annoncer son pr\u00e9sident. \u00abApr\u00e8s de larges concertations entre le Pr\u00e9sident D\u00e9thi\u00e9 FALL et des responsables et militants du parti afin de satisfaire aux exigences de d\u00e9mocratie interne auxquelles le parti s&rsquo;est fix\u00e9, le PRP informe la population s\u00e9n\u00e9galaise qu&rsquo;il ne participera pas \u00e0 ce dialogue\u00bb, lit-on dans un communiqu\u00e9 de presse sign\u00e9 par D\u00e9thi\u00e9 Fall.<br><br>En effet, le Prp consid\u00e8re qu\u2019il n\u2019y a pas besoin de dialoguer pour respecter des principes et droits sacrosaints conf\u00e9r\u00e9s par la Constitution notamment celui de la libert\u00e9 de presse, de la libert\u00e9 d&rsquo;opinion, de manifestation et de participation \u00e9lectorale.<br><br>En outre, le PRP demande au Pr\u00e9sident Macky Sall de \u00absursoir au projet de 3e candidature ill\u00e9gale et ill\u00e9gitime\u00bb, de &nbsp;lib\u00e9rer tous les \u00abd\u00e9tenus politiques\u00bb, de \u00absurseoir \u00e0 l&rsquo;arrestation et l&rsquo;intimidation des journalistes et aussi lib\u00e9rer tous les journalistes actuellement en d\u00e9tention\u00bb. Il lui demande aussi d\u2019 \u00abarr\u00eater sa volont\u00e9 d\u2019\u00e9carter de potentiels candidats\u00bb &nbsp;et de \u00abChoisir une personnalit\u00e9 consensuelle pour l&rsquo;organisation de l&rsquo;\u00e9lection pr\u00e9sidentielle de 2024\u00bb.<\/p>\n\n\n\n<figure class=\"wp-block-table\"><table><tbody><tr><td><\/td><\/tr><tr><td><\/td><\/tr><\/tbody><\/table><\/figure>\n","protected":false},"excerpt":{"rendered":"<p>iGFM &#8211; (Dakar) D\u00e9thi\u00e9 Fall et son parti politique ont d\u00e9clin\u00e9 l\u2019offre de dialogue de Macky Sall. Ils viennent de<\/p>\n","protected":false},"author":1,"featured_media":2317,"comment_status":"open","ping_status":"open","sticky":false,"template":"","format":"standard","meta":{"footnotes":""},"categories":[6],"tags":[],"class_list":["post-11564","post","type-post","status-publish","format-standard","has-post-thumbnail","hentry","category-politics"],"_links":{"self":[{"href":"https:\/\/dekkbi.com\/index.php?rest_route=\/wp\/v2\/posts\/11564","targetHints":{"allow":["GET"]}}],"collection":[{"href":"https:\/\/dekkbi.com\/index.php?rest_route=\/wp\/v2\/posts"}],"about":[{"href":"https:\/\/dekkbi.com\/index.php?rest_route=\/wp\/v2\/types\/post"}],"author":[{"embeddable":true,"href":"https:\/\/dekkbi.com\/index.php?rest_route=\/wp\/v2\/users\/1"}],"replies":[{"embeddable":true,"href":"https:\/\/dekkbi.com\/index.php?rest_route=%2Fwp%2Fv2%2Fcomments&post=11564"}],"version-history":[{"count":1,"href":"https:\/\/dekkbi.com\/index.php?rest_route=\/wp\/v2\/posts\/11564\/revisions"}],"predecessor-version":[{"id":11565,"href":"https:\/\/dekkbi.com\/index.php?rest_route=\/wp\/v2\/posts\/11564\/revisions\/11565"}],"wp:featuredmedia":[{"embeddable":true,"href":"https:\/\/dekkbi.com\/index.php?rest_route=\/wp\/v2\/media\/2317"}],"wp:attachment":[{"href":"https:\/\/dekkbi.com\/index.php?rest_route=%2Fwp%2Fv2%2Fmedia&parent=11564"}],"wp:term":[{"taxonomy":"category","embeddable":true,"href":"https:\/\/dekkbi.com\/index.php?rest_route=%2Fwp%2Fv2%2Fcategories&post=11564"},{"taxonomy":"post_tag","embeddable":true,"href":"https:\/\/dekkbi.com\/index.php?rest_route=%2Fwp%2Fv2%2Ftags&post=11564"}],"curies":[{"name":"wp","href":"https:\/\/api.w.org\/{rel}","templated":true}]}}