{"id":11537,"date":"2023-05-04T11:01:35","date_gmt":"2023-05-04T11:01:35","guid":{"rendered":"https:\/\/dekkbi.com\/?p=11537"},"modified":"2023-05-04T11:01:36","modified_gmt":"2023-05-04T11:01:36","slug":"le-president-ukrainien-volodymyr-zelensky-aux-pays-bas-pour-une-visite-surprise","status":"publish","type":"post","link":"https:\/\/dekkbi.com\/?p=11537","title":{"rendered":"Le pr\u00e9sident ukrainien Volodymyr Zelensky aux Pays-Bas pour une visite surprise"},"content":{"rendered":"\n<p><strong>Volodymyr Zelensky s&rsquo;est notamment rendu au si\u00e8ge de la Cour P\u00e9nale Internationale \u00e0 la Haye, qui a \u00e9mis en mars un mandat d&rsquo;arr\u00eat contre le pr\u00e9sident russe.\u00a0<\/strong><\/p>\n\n\n\n<p>C&rsquo;est la premi\u00e8re visite du pr\u00e9sident ukrainien aux Pays-Bas, et elle est lourdement s\u00e9curis\u00e9e puisqu&rsquo;elle intervient apr\u00e8s les accusations de Moscou sur une tentative d&rsquo;assassinat de Vladimir Poutine au Kremlin.\u00a0V\u00eatu de son traditionnel treillis militaire kaki, Volodymyr Zelensky a \u00e9t\u00e9 accueilli par le pr\u00e9sident de la CPI, le juge Piotr Hofmanski.<\/p>\n\n\n\n<p>Volodymyr Zelensky a atterri \u00e0 l&rsquo;a\u00e9roport d&rsquo;Amsterdam-Schiphol le mercredi 3 mai, apr\u00e8s un sommet des pays nordiques \u00e0 Helsinki. Ce jeudi 4 mai, il a commenc\u00e9 son p\u00e9riple par un passage au S\u00e9nat n\u00e9erlandais, puis au si\u00e8ge de la Cour p\u00e9nale internationale (CPI).<\/p>\n\n\n\n<p>Cette juridiction internationale, cr\u00e9\u00e9e en 2002 pour juger les pires atrocit\u00e9s commises dans le monde, a \u00e9mis en mars dernier\u00a0<strong>un mandat d&rsquo;arr\u00eat contre Vladimir Poutine<\/strong>\u00a0pour sa responsabilit\u00e9 dans la \u00ab\u00a0<em>d\u00e9portation ill\u00e9gale<\/em>\u00a0\u00bb d&rsquo;enfants ukrainiens depuis le d\u00e9but de l&rsquo;invasion russe. Une visite lourde de signification donc pour les Ukrainiens, toujours sous le feu russe. Certains d&rsquo;ailleurs avaient tenu \u00e0 \u00eatre pr\u00e9sents, aux abords du b\u00e2timent : \u00ab<em>\u00a0C&rsquo;est tellement excitant de le voir ! J&rsquo;esp\u00e8re qu&rsquo;il ira \u00e0 l&rsquo;int\u00e9rieur et leur dira que cette guerre doit cesse<\/em>r \u00bb, a d\u00e9clar\u00e9 \u00e0 l&rsquo;AFP une jeune fille pr\u00e9sente avec sa famille.\u00a0<\/p>\n\n\n\n<p>\u00ab&nbsp;<em>Nous voulons tous voir un autre Vladimir \u00e0 La Haye, celui qui m\u00e9rite d&rsquo;\u00eatre sanctionn\u00e9 ici, dans la capitale de la loi internationale, pour ses actions criminelles&nbsp;<\/em>\u00bb, a d\u00e9clar\u00e9 Volodymyr Zelensky, sans nommer express\u00e9ment le pr\u00e9sident russe. Et de poursuivre : \u00ab&nbsp;<em>Celui qui a d\u00e9clench\u00e9 une guerre doit recevoir un jugement<\/em>&nbsp;\u00bb. Il a r\u00e9clam\u00e9 la cr\u00e9ation d&rsquo;un tribunal sp\u00e9cial pour le crime d&rsquo;agression, appelant \u00e0 une \u00ab&nbsp;<em>justice \u00e0 grande \u00e9chelle&nbsp;<\/em>\u00bb non pas \u00e0 une \u00ab&nbsp;<em>impunit\u00e9 hybride&nbsp;<\/em>\u00bb. \u00ab&nbsp;<em>Cela ne peut \u00eatre appliqu\u00e9 que par le tribunal&nbsp;<\/em>\u00bb, a-t-il insist\u00e9.&nbsp;<\/p>\n\n\n\n<p>Plus tard dans la journ\u00e9e, Volodymyr Zelensky doit s&rsquo;entretenir&nbsp;avec le Premier ministre n\u00e9erlandais Mark Rutte. Les Pays-Bas soutiennent l&rsquo;Ukraine depuis l&rsquo;invasion russe de f\u00e9vrier 2022. Le pays, membre de l&rsquo;Union europ\u00e9enne, a notamment annonc\u00e9 le mois dernier qu&rsquo;il allait acheter pour 165 millions d&rsquo;euros avec le Danemark 14 chars Leopard 2 afin de les donner Kiev. En d\u00e9cembre dernier, dans uen conf\u00e9rence de presse, le Premier ministre Mark Rutte avait promis une aide de 2,5 milliards d\u2019euros \u00e0 l\u2019Ukraine pour l\u2019ann\u00e9e 2023. Une aide principalement destin\u00e9e au soutien militaire contre la Russie.<\/p>\n","protected":false},"excerpt":{"rendered":"<p>Volodymyr Zelensky s&rsquo;est notamment rendu au si\u00e8ge de la Cour P\u00e9nale Internationale \u00e0 la Haye, qui a \u00e9mis en mars<\/p>\n","protected":false},"author":1,"featured_media":11538,"comment_status":"open","ping_status":"open","sticky":false,"template":"","format":"standard","meta":{"footnotes":""},"categories":[51],"tags":[],"class_list":["post-11537","post","type-post","status-publish","format-standard","has-post-thumbnail","hentry","category-general"],"_links":{"self":[{"href":"https:\/\/dekkbi.com\/index.php?rest_route=\/wp\/v2\/posts\/11537","targetHints":{"allow":["GET"]}}],"collection":[{"href":"https:\/\/dekkbi.com\/index.php?rest_route=\/wp\/v2\/posts"}],"about":[{"href":"https:\/\/dekkbi.com\/index.php?rest_route=\/wp\/v2\/types\/post"}],"author":[{"embeddable":true,"href":"https:\/\/dekkbi.com\/index.php?rest_route=\/wp\/v2\/users\/1"}],"replies":[{"embeddable":true,"href":"https:\/\/dekkbi.com\/index.php?rest_route=%2Fwp%2Fv2%2Fcomments&post=11537"}],"version-history":[{"count":1,"href":"https:\/\/dekkbi.com\/index.php?rest_route=\/wp\/v2\/posts\/11537\/revisions"}],"predecessor-version":[{"id":11539,"href":"https:\/\/dekkbi.com\/index.php?rest_route=\/wp\/v2\/posts\/11537\/revisions\/11539"}],"wp:featuredmedia":[{"embeddable":true,"href":"https:\/\/dekkbi.com\/index.php?rest_route=\/wp\/v2\/media\/11538"}],"wp:attachment":[{"href":"https:\/\/dekkbi.com\/index.php?rest_route=%2Fwp%2Fv2%2Fmedia&parent=11537"}],"wp:term":[{"taxonomy":"category","embeddable":true,"href":"https:\/\/dekkbi.com\/index.php?rest_route=%2Fwp%2Fv2%2Fcategories&post=11537"},{"taxonomy":"post_tag","embeddable":true,"href":"https:\/\/dekkbi.com\/index.php?rest_route=%2Fwp%2Fv2%2Ftags&post=11537"}],"curies":[{"name":"wp","href":"https:\/\/api.w.org\/{rel}","templated":true}]}}