{"id":11534,"date":"2023-05-04T10:57:10","date_gmt":"2023-05-04T10:57:10","guid":{"rendered":"https:\/\/dekkbi.com\/?p=11534"},"modified":"2023-05-04T10:57:12","modified_gmt":"2023-05-04T10:57:12","slug":"fusion-du-nouveau-mouvement-nieup-dans-lapr-lappel-de-amadou-ba-a-khadim-dia","status":"publish","type":"post","link":"https:\/\/dekkbi.com\/?p=11534","title":{"rendered":"Fusion du nouveau mouvement \u00abNieup\u00bb dans l\u2019Apr: L\u2019appel de Amadou Ba \u00e0 Khadim Dia\u00a0"},"content":{"rendered":"\n<p><strong>Le Conseiller technique \u00e0 la Primature, Khadim Dia, se lance en politique en cr\u00e9ant son mouvement qui s\u2019appelle \u00abNieup\u00bb qui veut dire ensemble. Tenue dimanche dernier \u00e0 la Sicap rue 10, la c\u00e9r\u00e9monie a vu la pr\u00e9sence du Premier ministre, Amadou Ba, qui a fait un appel du pied \u00e0 Khadim Dia, pour apporter son soutien au Pr\u00e9sident Macky Sall en vue de la prochaine Pr\u00e9sidentielle de 2024, en faisant fondre son mouvement dans le parti pr\u00e9sidentiel, l\u2019Apr.&nbsp;&nbsp;<\/strong><\/p>\n\n\n\n<p><strong>Par Amadou MBODJI \u2013&nbsp;<\/strong>Khadim Dia fait son entr\u00e9e politique \u00e0 travers la mise en place de son mouvement d\u00e9nomm\u00e9&nbsp;\u00abNieup\u00bb, qui signifie \u00abEnsemble\u00bb en fran\u00e7ais, dont le lancement officiel a eu lieu dimanche dernier \u00e0 la Sicap Rue 10. Un lancement auquel ont pris part Amadou Ba, Premier ministre, qui en a profit\u00e9 pour inviter Khadim Dia \u00e0 int\u00e9grer son mouvement au sein de l\u2019Alliance pour la R\u00e9publique (Apr) en se projetant sur la prochaine Pr\u00e9sidentielle de 2024, pour soutenir&nbsp;&nbsp;la candidature du Pr\u00e9sident Macky Sall. \u00abVous avez accept\u00e9 la demande que je vous avais faite, qui consiste \u00e0 verser votre mouvement dans la coalition pr\u00e9sidentielle Benno bokk yaakaar (Bby). Mais, je vous demande maintenant que votre mouvement rejoigne l\u2019Apr.<\/p>\n\n\n\n<p>Fais-le sans calcul, fais-le avec engagement, fais-le avec d\u00e9termination. Tu ne le perdras pas&nbsp;!\u00bb, d\u00e9clare le Pm Amadou Ba. \u00abL\u2019Alliance pour la R\u00e9publique (Apr), c\u2019est le parti du pr\u00e9sent. Tu es jeune, tu fais partie du pr\u00e9sent. L\u2019Alliance pour la R\u00e9publique (Apr), c\u2019est le parti de l\u2019avenir, tu es encore jeune, tu fais aussi partie de l\u2019avenir. Mon objectif est de rassembler toute la famille de Macky Sall. Je ferai en sorte qu\u2019elle soit unie, bien que les divergences ne puissent manquer. Le seul combat qui vaille et pour lequel nous devons nous engager, est le combat de Macky Sall. Il n\u2019y a rien d\u2019autre que \u00e7a.<\/p>\n\n\n\n<p>C\u2019est notre d\u00e9nominateur commun. Nous devons nous unir autour de cela sans calcul\u00bb, poursuit le Pm, qui entretenait d\u2019excellentes relations avec le d\u00e9funt p\u00e8re de Khadim Dia,\u00a0en l\u2019occurrence El Hadji Mbaye Dia, et qui fait qu\u2019il est devenu le mentor du pr\u00e9sident du mouvement\u00a0\u00abNieup\u00bb. C\u2019est conscient, souligne-t-il, que \u00abl\u2019heure est \u00e0 l\u2019union des forces\u00bb que Khadim Dia dit avoir mis en place son mouvement, non sans \u00eatre insensible aux pr\u00e9occupations de son mentor. \u00abNous avons pris l\u2019engagement d\u2019accompagner\u00a0le ministre des Sports et de l\u2019\u00e9levage dans tous ses projets. Nous serons toujours \u00e0 c\u00f4t\u00e9 et derri\u00e8re lui. Ce que nous souhaitons,\u00a0c\u2019est que tous les acteurs, jeunes, adultes, se retrouvent autour de l\u2019essentiel. Nous devons faire focus sur l\u2019avenir afin que personne ne puisse nous d\u00e9tourner de cette lanc\u00e9e, qui est de servir le pays sans recourir \u00e0 la violence. Amadou Ba en est une illustration\u00bb, plaide Khadim Dia, par ailleurs Conseiller technique \u00e0 la Primature.<\/p>\n\n\n\n<p><br><strong>ambodji@lequotidien.sn<\/strong><\/p>\n","protected":false},"excerpt":{"rendered":"<p>Le Conseiller technique \u00e0 la Primature, Khadim Dia, se lance en politique en cr\u00e9ant son mouvement qui s\u2019appelle \u00abNieup\u00bb qui<\/p>\n","protected":false},"author":1,"featured_media":11535,"comment_status":"open","ping_status":"open","sticky":false,"template":"","format":"standard","meta":{"footnotes":""},"categories":[6],"tags":[],"class_list":["post-11534","post","type-post","status-publish","format-standard","has-post-thumbnail","hentry","category-politics"],"_links":{"self":[{"href":"https:\/\/dekkbi.com\/index.php?rest_route=\/wp\/v2\/posts\/11534","targetHints":{"allow":["GET"]}}],"collection":[{"href":"https:\/\/dekkbi.com\/index.php?rest_route=\/wp\/v2\/posts"}],"about":[{"href":"https:\/\/dekkbi.com\/index.php?rest_route=\/wp\/v2\/types\/post"}],"author":[{"embeddable":true,"href":"https:\/\/dekkbi.com\/index.php?rest_route=\/wp\/v2\/users\/1"}],"replies":[{"embeddable":true,"href":"https:\/\/dekkbi.com\/index.php?rest_route=%2Fwp%2Fv2%2Fcomments&post=11534"}],"version-history":[{"count":1,"href":"https:\/\/dekkbi.com\/index.php?rest_route=\/wp\/v2\/posts\/11534\/revisions"}],"predecessor-version":[{"id":11536,"href":"https:\/\/dekkbi.com\/index.php?rest_route=\/wp\/v2\/posts\/11534\/revisions\/11536"}],"wp:featuredmedia":[{"embeddable":true,"href":"https:\/\/dekkbi.com\/index.php?rest_route=\/wp\/v2\/media\/11535"}],"wp:attachment":[{"href":"https:\/\/dekkbi.com\/index.php?rest_route=%2Fwp%2Fv2%2Fmedia&parent=11534"}],"wp:term":[{"taxonomy":"category","embeddable":true,"href":"https:\/\/dekkbi.com\/index.php?rest_route=%2Fwp%2Fv2%2Fcategories&post=11534"},{"taxonomy":"post_tag","embeddable":true,"href":"https:\/\/dekkbi.com\/index.php?rest_route=%2Fwp%2Fv2%2Ftags&post=11534"}],"curies":[{"name":"wp","href":"https:\/\/api.w.org\/{rel}","templated":true}]}}