{"id":11495,"date":"2023-05-04T09:37:32","date_gmt":"2023-05-04T09:37:32","guid":{"rendered":"https:\/\/dekkbi.com\/?p=11495"},"modified":"2023-05-04T09:37:33","modified_gmt":"2023-05-04T09:37:33","slug":"matar-sylla-rappelle-limportance-des-medias-dans-la-reussite-des-politiques-publiques","status":"publish","type":"post","link":"https:\/\/dekkbi.com\/?p=11495","title":{"rendered":"Matar Sylla rappelle l\u2019importance des m\u00e9dias dans la r\u00e9ussite des politiques publiques"},"content":{"rendered":"\n<p>&nbsp;(APS) \u2013 Le directeur g\u00e9n\u00e9ral de Label TV, Matar Sylla, a rappel\u00e9, mercredi \u00e0 Dakar, l\u2019importance des m\u00e9dias dans la r\u00e9ussite des politiques publiques, ainsi que les d\u00e9fis auxquels doivent faire face les acteurs de la presse s\u00e9n\u00e9galaise.<\/p>\n\n\n\n<p>\u2018\u2019C\u2019est notre r\u00f4le d\u2019\u00eatre un secteur transversal qui appuie toutes les autres politiques publiques. Aucune politique publique ne peut r\u00e9ussir sans l\u2019apport des m\u00e9dias. C\u2019est clair, net et pr\u00e9cis. Quand on vous invite \u00e0 une manifestation et que vous n\u2019y \u00eates pas, la manifestation ne commence pas\u2019\u2019, a-t-il dit.<\/p>\n\n\n\n<p>Il prenait part \u00e0 un panel organis\u00e9 par la Coordination des associations de presse (CAP), \u00e0 l\u2019occasion de la journ\u00e9e mondiale de la libert\u00e9 de la presse. La rencontre s\u2019est d\u00e9roul\u00e9e autour du th\u00e8me : \u00ab&nbsp;Les restrictions \u00e0 la libert\u00e9 d\u2019expression : quel \u00e9quilibre entre s\u00e9curit\u00e9 nationale et droit \u00e0 l\u2019information&nbsp;\u00bb.<\/p>\n\n\n\n<p>Il s\u2019est appesanti sur l\u2019environnement et le mod\u00e8le \u00e9conomique des entreprises de presse \u00e0 travers le monde.<\/p>\n\n\n\n<p>\u2018\u2019Ce n\u2019est pas \u00e9galement un secteur dont on se sert comme \u00e7a. C\u2019est un secteur qui est \u00e9conomique. Dans beaucoup de pays dans le monde [\u2026] \u00e9mergent, les m\u00e9dias sont de v\u00e9ritables entreprises \u00e9conomiques viables qui font de l\u2019argent, qui gagnent de l\u2019argent\u2019\u2019, fait-il valoir.<\/p>\n\n\n\n<p>Le pan\u00e9liste a rappel\u00e9 que la Constitution du S\u00e9n\u00e9gal garantit la libert\u00e9 de la presse \u00e0 travers son adh\u00e9sion \u00e0 la D\u00e9claration des droits de l\u2019homme et du citoyen de 1789.<\/p>\n\n\n\n<p>Le v\u00e9ritable d\u00e9fi, pr\u00e9cise-t-il, c\u2019est de mettre en place une structure de r\u00e9gulation capable de mettre de \u2018\u2019l\u2019ordre dans la profession\u2019\u2019. \u2018\u2019Le respect des libert\u00e9s fondamentales n\u2019est possible qu\u2019avec des m\u00e9dias forts, viables qui puissent produire de la qualit\u00e9\u2019\u2019, a insist\u00e9 Matar Sylla.<\/p>\n\n\n\n<p>Il invite \u00e0 une r\u00e9vision du dispositif de r\u00e9gulation des m\u00e9dias au S\u00e9n\u00e9gal et \u00e0 faire des projections pour les ann\u00e9es \u00e0 venir.<\/p>\n\n\n\n<p>\u2018\u2019L\u2019autorit\u00e9 de r\u00e9gulation doit \u00eatre repens\u00e9e, reformat\u00e9e, ouverte \u00e0 d\u2019autres perspectives en tenant compte et en faisant des projections sur les 20 prochaines ann\u00e9es. C\u2019est possible parce qu\u2019il y a des chercheurs\u2019\u2019 qui savent ce qui va se passer, a affirm\u00e9 le sp\u00e9cialiste des m\u00e9dias.<\/p>\n\n\n\n<p>Il pense que le S\u00e9n\u00e9gal doit se tourner vers des perspectives nouvelles avec de grands ensembles, afin d\u2019\u00e9viter que des groupes de m\u00e9dias \u00e9trangers n\u2019occupent l\u2019espace.<\/p>\n\n\n\n<p>L\u2019ancien directeur g\u00e9n\u00e9ral de la Radiodiffusion s\u00e9n\u00e9galaise (RTS) estime que le S\u00e9n\u00e9gal doit \u2018\u2019avoir la capacit\u00e9 de faire les choses autrement\u2019\u2019 et \u2018\u2019sortir de la logique de sanctionner, sanctionner, punir, etc.\u2019\u2019<\/p>\n\n\n\n<p>Pour ce faire, le chef de l\u2019Etat doit acc\u00e9l\u00e9rer le processus et convoquer les assises des m\u00e9dias afin de trouver des \u2018\u2019solutions\u2019\u2019 \u00e0 beaucoup de questions qui se posent dans le secteur de la presse.<\/p>\n\n\n\n<p>Cela permettra d\u2019avoir \u2018\u2019des m\u00e9dias libres, responsables, transparents, dynamiques et qui contribuent \u00e0 \u00e9lever un peu la plus-value dans ce pays (\u2026)\u2019\u2019.&nbsp; Selon lui, \u2018\u2019si, aujourd\u2019hui, le p\u00e9trole et le gaz sont le carburant de l\u2019\u00e9mergence, les m\u00e9dias en seront le catalyseur\u2019\u2019.<\/p>\n\n\n\n<p>A la fin de ce panel, la CAP a publi\u00e9 une d\u00e9claration dans la laquelle elle r\u00e9clame la lib\u00e9ration de journalistes dans les liens de la d\u00e9tention ou sous contr\u00f4le judiciaire..<\/p>\n\n\n\n<p>FD\/ASG<\/p>\n","protected":false},"excerpt":{"rendered":"<p>&nbsp;(APS) \u2013 Le directeur g\u00e9n\u00e9ral de Label TV, Matar Sylla, a rappel\u00e9, mercredi \u00e0 Dakar, l\u2019importance des m\u00e9dias dans la<\/p>\n","protected":false},"author":1,"featured_media":11496,"comment_status":"open","ping_status":"open","sticky":false,"template":"","format":"standard","meta":{"footnotes":""},"categories":[3],"tags":[],"class_list":["post-11495","post","type-post","status-publish","format-standard","has-post-thumbnail","hentry","category-event-more-news"],"_links":{"self":[{"href":"https:\/\/dekkbi.com\/index.php?rest_route=\/wp\/v2\/posts\/11495","targetHints":{"allow":["GET"]}}],"collection":[{"href":"https:\/\/dekkbi.com\/index.php?rest_route=\/wp\/v2\/posts"}],"about":[{"href":"https:\/\/dekkbi.com\/index.php?rest_route=\/wp\/v2\/types\/post"}],"author":[{"embeddable":true,"href":"https:\/\/dekkbi.com\/index.php?rest_route=\/wp\/v2\/users\/1"}],"replies":[{"embeddable":true,"href":"https:\/\/dekkbi.com\/index.php?rest_route=%2Fwp%2Fv2%2Fcomments&post=11495"}],"version-history":[{"count":1,"href":"https:\/\/dekkbi.com\/index.php?rest_route=\/wp\/v2\/posts\/11495\/revisions"}],"predecessor-version":[{"id":11497,"href":"https:\/\/dekkbi.com\/index.php?rest_route=\/wp\/v2\/posts\/11495\/revisions\/11497"}],"wp:featuredmedia":[{"embeddable":true,"href":"https:\/\/dekkbi.com\/index.php?rest_route=\/wp\/v2\/media\/11496"}],"wp:attachment":[{"href":"https:\/\/dekkbi.com\/index.php?rest_route=%2Fwp%2Fv2%2Fmedia&parent=11495"}],"wp:term":[{"taxonomy":"category","embeddable":true,"href":"https:\/\/dekkbi.com\/index.php?rest_route=%2Fwp%2Fv2%2Fcategories&post=11495"},{"taxonomy":"post_tag","embeddable":true,"href":"https:\/\/dekkbi.com\/index.php?rest_route=%2Fwp%2Fv2%2Ftags&post=11495"}],"curies":[{"name":"wp","href":"https:\/\/api.w.org\/{rel}","templated":true}]}}