{"id":11492,"date":"2023-05-04T09:32:26","date_gmt":"2023-05-04T09:32:26","guid":{"rendered":"https:\/\/dekkbi.com\/?p=11492"},"modified":"2023-05-04T09:32:27","modified_gmt":"2023-05-04T09:32:27","slug":"linstauration-dun-nouveau-leadership-condition-dune-paix-durable-selon-boni-yayi","status":"publish","type":"post","link":"https:\/\/dekkbi.com\/?p=11492","title":{"rendered":"L\u2019instauration d\u2019un nouveau leadership, condition d\u2019une paix durable, selon Boni Yayi"},"content":{"rendered":"\n<p>(APS) \u2013 L\u2019instauration d\u2019une paix durable passe par un nouveau leadership de l\u2019Afrique, la r\u00e9solution de ses dysfonctionnements internes et de la mal gouvernance cr\u00e9atrice de foyers de tension, soutient l\u2019ancien pr\u00e9sident b\u00e9ninois Thomas Boni Yayi.<\/p>\n\n\n\n<p>\u00ab&nbsp;Pour une paix durable, il faut forc\u00e9ment un nouveau leadership de l\u2019Afrique qui doit surmonter ses dysfonctionnements internes, sa mal gouvernance politique, \u00e9conomique et s\u2019unir autour de l\u2019essentiel&nbsp;\u00bb, a-t-il indiqu\u00e9, mercredi, \u00e0 S\u00e9oul, en Cor\u00e9e du Sud, lors de la c\u00e9r\u00e9monie d\u2019ouverture du Sommet de la paix 2023, organis\u00e9 par la F\u00e9d\u00e9ration pour la paix universelle (FPU).<\/p>\n\n\n\n<p>Cette rencontre, pr\u00e9vue du 2 au 6 mai, en terre cor\u00e9enne, se d\u00e9roule par visioconf\u00e9rence, sur le th\u00e8me : \u00ab&nbsp;Vers une culture mondiale de la paix&nbsp;\u00bb.<\/p>\n\n\n\n<p>Boni Yayi, ancien pr\u00e9sident de la Conf\u00e9rence des chefs d\u2019Etat de l\u2019Union africaine, se dit convaincu que l\u2019Afrique peut devenir une puissance \u00e9conomique mondiale, mais doit d\u2019abord trouver des solutions \u00e0 certains de ses probl\u00e8mes.<\/p>\n\n\n\n<p>Le paradoxe est que l\u2019Afrique qui semble \u00eatre le maillon faible de la cha\u00eene, est \u00ab&nbsp;un continent extr\u00eamement riche de m\u00e9taux rares indispensables \u00e0 certaines technologies de pointe, de ses ressources mini\u00e8res, de son histoire, mais qui, malheureusement, est historiquement appauvrie par une organisation mondiale de travail qui continue de la piller&nbsp;\u00bb.<\/p>\n\n\n\n<p>Les dirigeants de la FPU vont lancer une nouvelle initiative appel\u00e9e \u00ab&nbsp;Table ronde internationale des anciens&nbsp;\u00bb lors de ce sommet<\/p>\n\n\n\n<p>Cette initiative vise \u00e0 tirer parti de la sagesse et de l\u2019exp\u00e9rience des anciens pour instaurer la paix et la stabilit\u00e9 dans la soci\u00e9t\u00e9 et la nation.<\/p>\n\n\n\n<p>\u00ab&nbsp;L\u2019avenir du monde en mati\u00e8re de paix se joue et se jouera en Afrique qui est l\u2019espoir de l\u2019humanit\u00e9&nbsp;\u00bb, a affirm\u00e9 Thomas Yayi Boni. Pour lui, \u00ab&nbsp;trouver des solutions viables aux difficult\u00e9s qui assaillent le monde de toutes parts sera une avanc\u00e9e formidable vers la paix&nbsp;\u00bb.<\/p>\n\n\n\n<p>La premi\u00e8re vice-pr\u00e9sidente du Conseil national de la transition de la Guin\u00e9e, Maimouna Yacouba a, pour sa part, appel\u00e9 \u00e0 \u00ab&nbsp;reconna\u00eetre et garantir que nous constituons une m\u00eame humanit\u00e9 qui nous commande de nous unir autour de combats pour la dignit\u00e9 humaine&nbsp;\u00bb.<\/p>\n\n\n\n<p>\u00ab&nbsp;C\u2019est en semant la graine de la paix qu\u2019on peut conjurer le spectre de la violence, de la destruction et de la peur&nbsp;\u00bb, a estim\u00e9 Mme Yacouba.<\/p>\n\n\n\n<p>De nombreuses personnalit\u00e9s politiques, chefs religieux, chefs d\u2019entreprises et universitaires ont partag\u00e9 leurs id\u00e9es, dans diff\u00e9rentes sessions, sur les perspectives \u00e0 explorer pour l\u2019instauration et la consolidation d\u2019une paix durable.<\/p>\n\n\n\n<p>Les sessions r\u00e9gionales du Sommet de la paix 2023 se poursuivront sur la construction de la paix en Am\u00e9rique du Nord, en Asie-Pacifique, en Am\u00e9rique latine et dans les Cara\u00efbes, en Afrique, en Europe et au Moyen-Orient.<\/p>\n\n\n\n<p>Au cours de ce Sommet, un panel sera r\u00e9serv\u00e9 aux jeunes et \u00e9tudiants. Les laur\u00e9ats du prix Sunhak pour la paix s\u2019exprimeront lors d\u2019un d\u00e9jeuner sp\u00e9cial en leur honneur et les membres du Think Tank 2022 \u00e9changeront sur les voies et moyens pour l\u2019instauration de la paix dans la p\u00e9ninsule cor\u00e9enne, en Asie de l\u2019est et dans le bassin indo-pacifique, renseigne la m\u00eame source.<\/p>\n\n\n\n<p>Il est inclus dans le programme la c\u00e9l\u00e9bration du 80<sup>e<\/sup>&nbsp;anniversaire de la cofondatrice de la FPU, Dr Hak Ja Han Moon, qui va pr\u00e9sider une c\u00e9r\u00e9monie d\u2019inauguration du b\u00e2timent dit de \u00ab&nbsp;Culture de la paix&nbsp;\u00bb, une immense salle d\u2019exposition multim\u00e9dia destin\u00e9e \u00e0 \u00eatre \u00ab&nbsp;une patrie pour le monde et une ville du c\u0153ur pour tous les peuples&nbsp;\u00bb, comme le souhaitait le regrett\u00e9 cofondateur de la FPU, le r\u00e9v\u00e9rend Dr Sun Myung Moon.<\/p>\n\n\n\n<p>PON\/ASG\/BK<\/p>\n","protected":false},"excerpt":{"rendered":"<p>(APS) \u2013 L\u2019instauration d\u2019une paix durable passe par un nouveau leadership de l\u2019Afrique, la r\u00e9solution de ses dysfonctionnements internes et<\/p>\n","protected":false},"author":1,"featured_media":11493,"comment_status":"open","ping_status":"open","sticky":false,"template":"","format":"standard","meta":{"footnotes":""},"categories":[6],"tags":[],"class_list":["post-11492","post","type-post","status-publish","format-standard","has-post-thumbnail","hentry","category-politics"],"_links":{"self":[{"href":"https:\/\/dekkbi.com\/index.php?rest_route=\/wp\/v2\/posts\/11492","targetHints":{"allow":["GET"]}}],"collection":[{"href":"https:\/\/dekkbi.com\/index.php?rest_route=\/wp\/v2\/posts"}],"about":[{"href":"https:\/\/dekkbi.com\/index.php?rest_route=\/wp\/v2\/types\/post"}],"author":[{"embeddable":true,"href":"https:\/\/dekkbi.com\/index.php?rest_route=\/wp\/v2\/users\/1"}],"replies":[{"embeddable":true,"href":"https:\/\/dekkbi.com\/index.php?rest_route=%2Fwp%2Fv2%2Fcomments&post=11492"}],"version-history":[{"count":1,"href":"https:\/\/dekkbi.com\/index.php?rest_route=\/wp\/v2\/posts\/11492\/revisions"}],"predecessor-version":[{"id":11494,"href":"https:\/\/dekkbi.com\/index.php?rest_route=\/wp\/v2\/posts\/11492\/revisions\/11494"}],"wp:featuredmedia":[{"embeddable":true,"href":"https:\/\/dekkbi.com\/index.php?rest_route=\/wp\/v2\/media\/11493"}],"wp:attachment":[{"href":"https:\/\/dekkbi.com\/index.php?rest_route=%2Fwp%2Fv2%2Fmedia&parent=11492"}],"wp:term":[{"taxonomy":"category","embeddable":true,"href":"https:\/\/dekkbi.com\/index.php?rest_route=%2Fwp%2Fv2%2Fcategories&post=11492"},{"taxonomy":"post_tag","embeddable":true,"href":"https:\/\/dekkbi.com\/index.php?rest_route=%2Fwp%2Fv2%2Ftags&post=11492"}],"curies":[{"name":"wp","href":"https:\/\/api.w.org\/{rel}","templated":true}]}}