{"id":11486,"date":"2023-05-04T09:23:12","date_gmt":"2023-05-04T09:23:12","guid":{"rendered":"https:\/\/dekkbi.com\/?p=11486"},"modified":"2023-05-04T09:25:42","modified_gmt":"2023-05-04T09:25:42","slug":"effondrement-aux-parcelles-deux-morts-sortis-des-decombres","status":"publish","type":"post","link":"https:\/\/dekkbi.com\/?p=11486","title":{"rendered":"Effondrement aux Parcelles :\u00a0 Deux morts sortis des d\u00e9combres"},"content":{"rendered":"\n<p>C\u2019est un v\u00e9ritable drame qui s\u2019est produit ce mercredi aux Parcelles assainies. Deux personnes ont perdu la vie dans l\u2019effondrement de dalles dans un immeuble situ\u00e9 \u00e0 l\u2019unit\u00e9 12. Il s\u2019agit de deux dames, a renseign\u00e9 le ministre d\u00e9l\u00e9gu\u00e9 aupr\u00e8s du ministre de l\u2019Int\u00e9rieur charg\u00e9 de la protection civile.<\/p>\n\n\n\n<p>\u00abLes corps ont \u00e9t\u00e9 extirp\u00e9s des d\u00e9combres et les pompiers viennent de les transf\u00e9rer. C\u2019est une situation que nous d\u00e9plorons et qui appelle aussi que chacun prenne ses responsabilit\u00e9s pour que pareille situation ne se reproduise. L&rsquo;une des dames est \u00e2g\u00e9e de 94 ans et\u00a0 la seconde avait 64 ans\u00bb, a indiqu\u00e9 le ministre Birame Faye au terme des op\u00e9rations de secours.<br><br>Le maire des Parcelles assainies, Aboubacar Djamil San\u00e9, a tenu \u00e0 alerter sur le nombre tr\u00e8s \u00e9lev\u00e9 d\u2019immeubles mena\u00e7ant ruine aux Parcelles assainies : \u00abAujourd\u2019hui, nous d\u00e9nombrons 145 b\u00e2timents en \u00e9tat de d\u00e9labrement tr\u00e8s avanc\u00e9. Ce sont des risques\u00bb, a-t-il signal\u00e9. Des sommations ont \u00e9t\u00e9 envoy\u00e9es aux propri\u00e9taires de ces b\u00e2timents. Mais, face \u00e0 leur refus, les autorit\u00e9s municipales saisissent la justice. Et c\u2019est \u00e0 ce\u00a0 niveau que les choses trainent, indique l\u2019\u00e9dile.<\/p>\n\n\n\n<figure class=\"wp-block-embed is-type-rich is-provider-prise-en-charge-des-contenus-embarques wp-block-embed-prise-en-charge-des-contenus-embarques wp-embed-aspect-16-9 wp-has-aspect-ratio\"><div class=\"wp-block-embed__wrapper\">\n<iframe loading=\"lazy\" title=\"Effondrement mortel aux Parcelle : Les tristes informations sur les victimes...\" width=\"800\" height=\"450\" src=\"https:\/\/www.youtube.com\/embed\/WlT1pnxf6uI?feature=oembed\" frameborder=\"0\" allow=\"accelerometer; autoplay; clipboard-write; encrypted-media; gyroscope; picture-in-picture; web-share\" allowfullscreen><\/iframe>\n<\/div><\/figure>\n\n\n\n<p><\/p>\n\n\n\n<figure class=\"wp-block-embed is-type-rich is-provider-prise-en-charge-des-contenus-embarques wp-block-embed-prise-en-charge-des-contenus-embarques wp-embed-aspect-16-9 wp-has-aspect-ratio\"><div class=\"wp-block-embed__wrapper\">\n<iframe loading=\"lazy\" title=\"Effondrement aux parcelles : Des m0rts sortis des d\u00e9combres  (le point)\" width=\"800\" height=\"450\" src=\"https:\/\/www.youtube.com\/embed\/MpSunwi1pK8?feature=oembed\" frameborder=\"0\" allow=\"accelerometer; autoplay; clipboard-write; encrypted-media; gyroscope; picture-in-picture; web-share\" allowfullscreen><\/iframe>\n<\/div><\/figure>\n","protected":false},"excerpt":{"rendered":"<p>C\u2019est un v\u00e9ritable drame qui s\u2019est produit ce mercredi aux Parcelles assainies. Deux personnes ont perdu la vie dans l\u2019effondrement<\/p>\n","protected":false},"author":1,"featured_media":11487,"comment_status":"open","ping_status":"open","sticky":false,"template":"","format":"standard","meta":{"footnotes":""},"categories":[26],"tags":[],"class_list":["post-11486","post","type-post","status-publish","format-standard","has-post-thumbnail","hentry","category-fait-divers"],"_links":{"self":[{"href":"https:\/\/dekkbi.com\/index.php?rest_route=\/wp\/v2\/posts\/11486","targetHints":{"allow":["GET"]}}],"collection":[{"href":"https:\/\/dekkbi.com\/index.php?rest_route=\/wp\/v2\/posts"}],"about":[{"href":"https:\/\/dekkbi.com\/index.php?rest_route=\/wp\/v2\/types\/post"}],"author":[{"embeddable":true,"href":"https:\/\/dekkbi.com\/index.php?rest_route=\/wp\/v2\/users\/1"}],"replies":[{"embeddable":true,"href":"https:\/\/dekkbi.com\/index.php?rest_route=%2Fwp%2Fv2%2Fcomments&post=11486"}],"version-history":[{"count":2,"href":"https:\/\/dekkbi.com\/index.php?rest_route=\/wp\/v2\/posts\/11486\/revisions"}],"predecessor-version":[{"id":11491,"href":"https:\/\/dekkbi.com\/index.php?rest_route=\/wp\/v2\/posts\/11486\/revisions\/11491"}],"wp:featuredmedia":[{"embeddable":true,"href":"https:\/\/dekkbi.com\/index.php?rest_route=\/wp\/v2\/media\/11487"}],"wp:attachment":[{"href":"https:\/\/dekkbi.com\/index.php?rest_route=%2Fwp%2Fv2%2Fmedia&parent=11486"}],"wp:term":[{"taxonomy":"category","embeddable":true,"href":"https:\/\/dekkbi.com\/index.php?rest_route=%2Fwp%2Fv2%2Fcategories&post=11486"},{"taxonomy":"post_tag","embeddable":true,"href":"https:\/\/dekkbi.com\/index.php?rest_route=%2Fwp%2Fv2%2Ftags&post=11486"}],"curies":[{"name":"wp","href":"https:\/\/api.w.org\/{rel}","templated":true}]}}