{"id":11481,"date":"2023-05-04T09:14:34","date_gmt":"2023-05-04T09:14:34","guid":{"rendered":"https:\/\/dekkbi.com\/?p=11481"},"modified":"2023-05-04T09:14:35","modified_gmt":"2023-05-04T09:14:35","slug":"le-communique-du-conseil-des-ministres-6","status":"publish","type":"post","link":"https:\/\/dekkbi.com\/?p=11481","title":{"rendered":"Le Communiqu\u00e9 du Conseil des ministres"},"content":{"rendered":"\n<p>Dans cet esprit, le Pr\u00e9sident de la R\u00e9publique a indiqu\u00e9 au Premier Ministre, l\u2019imp\u00e9ratif d\u2019assurer&nbsp;un suivi r\u00e9gulier de l\u2019\u00e9tat de prise en charge des dol\u00e9ances sectorielles \u00e0 travers une \u00e9valuation&nbsp;trimestrielle selon des modalit\u00e9s consensuelles d\u00e9finies avec les partenaires sociaux. Le Chef de&nbsp;l\u2019Etat a, \u00e0 cet effet, soulign\u00e9, la n\u00e9cessit\u00e9 d\u2019installer des comit\u00e9s du dialogue social dans tous les&nbsp;secteurs et de d\u00e9signer un point focal \u00ab dialogue social \u00bb dans chaque minist\u00e8re.<\/p>\n\n\n\n<p>Au regard des efforts notables consentis par l\u2019Etat pour augmenter significativement les&nbsp;r\u00e9mun\u00e9rations des agents publics et att\u00e9nuer les effets de la vie ch\u00e8re sur les m\u00e9nages, le Pr\u00e9sident&nbsp;de la R\u00e9publique a insist\u00e9 sur l\u2019urgence de finaliser les n\u00e9gociations tripartites dans le secteur priv\u00e9.&nbsp;Dans cette dynamique, le Chef de l\u2019Etat a demand\u00e9 au Premier Ministre de pr\u00e9parer avec les&nbsp;partenaires sociaux, un nouveau Pacte de stabilit\u00e9 sociale et d\u2019\u00e9mergence \u00e9conomique, dont la&nbsp;signature pourrait intervenir d\u2019ici fin juillet 2023.<\/p>\n\n\n\n<p>Par ailleurs, le Pr\u00e9sident de la R\u00e9publique est revenu sur la protection sociale des travailleurs,&nbsp;notamment ceux relevant du secteur informel en demandant au Gouvernement d\u2019acc\u00e9l\u00e9rer la&nbsp;finalisation de la strat\u00e9gie nationale de formalisation du secteur informel.&nbsp;En outre, le Chef de l\u2019Etat a demand\u00e9 au Gouvernement de renforcer l\u2019autonomisation et la&nbsp;protection des femmes au travail avant de souligner l\u2019urgence d\u2019accentuer le processus d\u2019apurement&nbsp;du \u00ab Passif social \u00bb et de surveiller la situation des entreprises publiques et priv\u00e9es en difficult\u00e9,<br>notamment celles relevant de l\u2019industrie.<\/p>\n\n\n\n<p>Le Pr\u00e9sident de la R\u00e9publique a aussi demand\u00e9 au Premier Ministre de finaliser, apr\u00e8s \u00e9tude de la&nbsp;neutralit\u00e9 de leurs impacts budg\u00e9taires et financiers, les textes r\u00e9glementaires et accords&nbsp;d\u2019\u00e9tablissement concernant des entit\u00e9s publiques et\/ou des personnels du secteur public.&nbsp;Au demeurant, le Chef de l\u2019Etat a invit\u00e9 le Ministre du Travail, du Dialogue social et des Relations&nbsp;avec les Institutions, \u00e0 poursuivre la modernisation de l\u2019Administration du travail, dont le r\u00f4le central&nbsp;dans la protection des travailleurs, doit \u00eatre renforc\u00e9.<\/p>\n\n\n\n<p>Le Pr\u00e9sident de la R\u00e9publique a notamment demand\u00e9 au Ministre de la Communication de veiller&nbsp;au renforcement du dialogue social dans le secteur public de la presse et d\u2019accentuer les efforts de&nbsp;transformation du secteur avec l\u2019application int\u00e9grale du Code la presse.<\/p>\n\n\n\n<p>Enfin, le Chef de l\u2019Etat a rappel\u00e9 au Conseil, l\u2019audience prochaine qu\u2019il accordera aux organisations&nbsp;patronales du S\u00e9n\u00e9gal dans le cadre du dialogue \u00e9conomique avec le secteur priv\u00e9 national.&nbsp;Abordant la r\u00e9ception et de la d\u00e9coration au Palais de la R\u00e9publique, \u00e0 la dignit\u00e9 de Grand-Croix de&nbsp;l\u2019Ordre national du Lion, des neuf (9) tirailleurs, ressortissants du S\u00e9n\u00e9gal, d\u00e9finitivement rentr\u00e9s au&nbsp;pays, avec l\u2019accompagnement de la R\u00e9publique fran\u00e7aise, le Chef de l\u2019Etat a f\u00e9licit\u00e9, au nom de la&nbsp;Nation, nos braves compatriotes de retour, qui, durant toute leur carri\u00e8re, ont servi avec courage,&nbsp;sous les drapeaux, en ayant en bandouli\u00e8re la d\u00e9fense de la libert\u00e9 et la pr\u00e9servation de nos valeurs&nbsp;de civilisation.<\/p>\n\n\n\n<p>A cet \u00e9gard, le Chef de l\u2019Etat a demand\u00e9 au Ministre des Forces Arm\u00e9es de prendre toutes les&nbsp;mesures ad\u00e9quates afin de favoriser les meilleures conditions d\u2019installation et de suivi social au&nbsp;S\u00e9n\u00e9gal pour ces dignes anciens combattants.<\/p>\n\n\n\n<p>En outre, le Pr\u00e9sident de la R\u00e9publique a demand\u00e9 au Ministre des Forces Arm\u00e9es de renforcer&nbsp;l\u2019Office national des Anciens combattants, dont le si\u00e8ge doit disposer de toutes les commodit\u00e9s&nbsp;modernes en vue de perp\u00e9tuer la m\u00e9moire de nos compatriotes- anciens combattants.<\/p>\n\n\n\n<p>Revenant sur l\u2019inauguration, ce mardi 02 mai 2023, de la Zone d\u2019activit\u00e9s des m\u00e9caniciens et&nbsp;professionnels de l\u2019automobile (ZAMPA), le Chef de l\u2019Etat a f\u00e9licit\u00e9 le Ministre de l\u2019Artisanat et de la&nbsp;Transformation du Secteur informel, Docteur Pape Amadou NDIAYE, l\u2019AGETIP, l\u2019entreprise&nbsp;GETRAN et l\u2019ensemble des professionnels de la m\u00e9canique g\u00e9n\u00e9rale, pour la r\u00e9alisation de cette&nbsp;infrastructure majeure, qui participe de son ambition de modernisation et de transformation de&nbsp;l\u2019Artisanat national.<\/p>\n\n\n\n<p>Le Pr\u00e9sident de la R\u00e9publique a ainsi demand\u00e9 au Gouvernement d\u2019engager, dans le consensus&nbsp;de toutes les parties prenantes, la relocalisation progressive des activit\u00e9s des m\u00e9caniciens et des&nbsp;professionnels de l\u2019automobile au niveau de cette plateforme moderne, qui doit s\u2019\u00e9riger en v\u00e9ritable&nbsp;centre national de d\u00e9veloppement des professions de l\u2019Automobile.<\/p>\n\n\n\n<p>Dans cet \u00e9lan, le Chef de l\u2019Etat, a demand\u00e9 au Premier Ministre de mobiliser l\u2019ensemble des&nbsp;dispositifs d\u2019encadrement, de formation (3FPT), de financement (DER\/FJ, FONGIP, PROMISE) et&nbsp;de promotion de l\u2019emploi (convention Etat\/employeurs), afin d\u2019accompagner la transformation du&nbsp;sous-secteur de la m\u00e9canique automobile, dans lequel les artisans doivent b\u00e9n\u00e9ficier d\u2019un&nbsp;renforcement de capacit\u00e9s avec le recours aux nouvelles technologies.<\/p>\n\n\n\n<p>Le Pr\u00e9sident de la R\u00e9publique a, enfin, demand\u00e9 aux Ministres en charge de l\u2019Urbanisme et des&nbsp;Collectivit\u00e9s territoriales, de diligenter l\u2019\u00e9laboration d\u2019une cartographie nationale des zones&nbsp;occup\u00e9es par les m\u00e9caniciens et professionnels de l\u2019automobile, afin de faciliter, dans toutes les&nbsp;capitales r\u00e9gionales, la relocalisation des activit\u00e9s li\u00e9es \u00e0 ce sous-secteur majeur, qui contribue \u00e0&nbsp;l\u2019apprentissage, \u00e0 la qualification professionnelle et \u00e0 l\u2019insertion des jeunes.<\/p>\n\n\n\n<p>S\u2019agissant de l\u2019acc\u00e9l\u00e9ration de la phase 2 du Train express r\u00e9gional, le Chef de l\u2019Etat a rappel\u00e9 au&nbsp;Gouvernement que le TER demeure l\u2019un des projets embl\u00e9matiques du Plan S\u00e9n\u00e9gal Emergent&nbsp;(PSE), pour lequel il attache du prix \u00e0 l\u2019exploitation optimale \u00e0 la satisfaction des usagers et&nbsp;populations des zones desservies.<\/p>\n\n\n\n<p>A cet \u00e9gard, le Pr\u00e9sident de la R\u00e9publique a demand\u00e9 au Gouvernement de veiller en permanence&nbsp;sur la qualit\u00e9 du service offert aux clients, au regard du succ\u00e8s constat\u00e9 dans la fr\u00e9quentation du&nbsp;TER et \u00e0 l\u2019\u00e9tat d\u2019avancement, dans les d\u00e9lais contractuels, des travaux, infrastructures (gares, ponts&nbsp;et voiries&#8230;.) et installations des \u00e9quipements de la phase 2, pr\u00e9vue sur 19 km entre Diamniadio et&nbsp;l\u2019A\u00e9roport international Blaise Diagne.<\/p>\n\n\n\n<p>Sur le climat social, la gestion et le suivi des affaires int\u00e9rieures, le Chef de l\u2019Etat est revenu sur les<br>sujets suivants :<\/p>\n\n\n\n<p><br>\uf0b7 la pr\u00e9paration des examens et concours 2023, en demandant au Gouvernement, en&nbsp;particulier aux Ministres en charge de l\u2019\u00e9ducation, de l\u2019enseignement sup\u00e9rieur, de la&nbsp;formation professionnelle et des finances, de prendre, d\u00e8s \u00e0 pr\u00e9sent, toutes les dispositions&nbsp;requises, pour l\u2019organisation dans les meilleures conditions, des examens et concours sur&nbsp;l\u2019\u00e9tendue du territoire national ;<\/p>\n\n\n\n<p><br>\uf0b7 l\u2019\u00e9valuation des mesures de s\u00e9curit\u00e9 routi\u00e8re et du suivi du programme de&nbsp;modernisation du secteur des transports, en invitant le Premier Ministre \u00e0 engager avec&nbsp;toutes les structures publiques et organisations de professionnels impliqu\u00e9es, l\u2019\u00e9valuation de&nbsp;l\u2019application des mesures de pr\u00e9vention des accidents et de renforcement de la s\u00e9curit\u00e9&nbsp;routi\u00e8re. Le Pr\u00e9sident de la R\u00e9publique a, en outre, demand\u00e9 au Gouvernement de veiller au&nbsp;fonctionnement optimal du Conseil ex\u00e9cutif des Transports urbains durables (CETUD), au&nbsp;regard de l\u2019extension de ses missions et du d\u00e9veloppement exceptionnel des transports&nbsp;urbains dans la r\u00e9gion capitale avec l\u2019exploitation combin\u00e9e du TER, du BRT et d\u2019autres&nbsp;syst\u00e8mes publics et priv\u00e9s de transport.<\/p>\n\n\n\n<p>Dans sa communication, le Premier Ministre est revenu sur le suivi de la coordination de l\u2019activit\u00e9&nbsp;gouvernementale en \u00e9voquant :<\/p>\n\n\n\n<p><br>\uf0b7 sa participation \u00e0 la Conf\u00e9rence \u00e9conomique internationale sur l\u2019am\u00e9lioration du ciblage des politiques publiques \u00e0 l\u2019UCAD;<br>\uf0b7 le Conseil interminist\u00e9riel sur la campagne agricole ;<br>\uf0b7 la r\u00e9union interminist\u00e9rielle sur les a\u00e9roports r\u00e9gionaux.<\/p>\n\n\n\n<p>AU TITRE DES COMMUNICATIONS DES MINISTRES<\/p>\n\n\n\n<p>\uf0b7 le Ministre des Affaires \u00e9trang\u00e8res et des S\u00e9n\u00e9galais de l\u2019Ext\u00e9rieur a fait une communication&nbsp;sur la situation internationale ;<br>\uf0b7 le Ministre des Infrastructures, des Transports terrestres et du D\u00e9senclavement a fait une&nbsp;communication sur le projet de \u00ab Syst\u00e8me de gestion intelligente du Trafic \u00e0 Dakar \u00bb ;<br>\uf0b7 le Ministre de l\u2019Enseignement sup\u00e9rieur, de la Recherche scientifique et de l\u2019Innovation a fait&nbsp;une communication sur l\u2019\u00e9tat de mise en \u0153uvre des treize (13) d\u00e9cisions pr\u00e9sidentielles&nbsp;issues de l\u2019audience accord\u00e9e \u00e0 la communaut\u00e9 universitaire;<br>\uf0b7 le Ministre du Commerce, de la Consommation et des PME a fait une communication sur le&nbsp;\u00ab Syst\u00e8me int\u00e9gr\u00e9 de recensement et de suivi individualis\u00e9 des commerces \u00bb (SIRSIC) et&nbsp;un point sur la campagne de commercialisation de l\u2019oignon et de la pomme de terre.<\/p>\n\n\n\n<p>AU TITRE DES TEXTES LEGISLATIFS ET REGLEMENTAIRES<\/p>\n\n\n\n<p>Le Conseil a examin\u00e9 et adopt\u00e9 :<br>\uf0b7 le projet de d\u00e9cret portant organisation du Minist\u00e8re du D\u00e9veloppement industriel et des&nbsp;Petites et Moyennes Industries.<\/p>\n\n\n\n<p>AU TITRE DES MESURES INDIVIDUELLES<\/p>\n\n\n\n<p>Le Pr\u00e9sident de la R\u00e9publique a pris les d\u00e9cisions suivantes :<\/p>\n\n\n\n<p>&#8211; Monsieur Amadou Abdoul SY, Economiste, pr\u00e9c\u00e9demment Directeur g\u00e9n\u00e9ral de l\u2019Agence de R\u00e9gulation des March\u00e9s, est nomm\u00e9 Pr\u00e9sident du Conseil d\u2019Administration du Laboratoire National d\u2019Analyses et de Contr\u00f4le (LANAC), en remplacement de Monsieur Kalilou DANFA.<\/p>\n\n\n\n<p>&#8211; Monsieur Samba SALL, Sp\u00e9cialiste en Management et en gestion des projets, est nomm\u00e9 Pr\u00e9sident du Conseil de Surveillance de l\u2019Agence nationale de l\u2019Etat civil (ANEC).<\/p>\n\n\n\n<p>&#8211; Monsieur Khadim DIOP, Consultant, est nomm\u00e9 Pr\u00e9sident du Conseil d\u2019Administration du Conseil ex\u00e9cutif des Transports urbains durables (CETUD).<\/p>\n\n\n\n<p>&#8211; Monsieur Thierno Birahim AW, Docteur en Transport, est nomm\u00e9 Directeur g\u00e9n\u00e9ral du Conseil ex\u00e9cutif des Transports urbains durables (CETUD).<\/p>\n\n\n\n<p>&#8211; Monsieur Ansoumana SANE, Juriste, pr\u00e9c\u00e9demment Secr\u00e9taire g\u00e9n\u00e9ral de LIMAK &#8211; AIBD &#8211;&nbsp;SUMMA (LAS), est nomm\u00e9 Directeur g\u00e9n\u00e9ral de l\u2019Agence de R\u00e9gulation des March\u00e9s (ARM), en&nbsp;remplacement de Monsieur Amadou Abdoul SY, appel\u00e9 \u00e0 d\u2019autres fonctions.<\/p>\n\n\n\n<p>Fait \u00e0 Dakar le 03 mai 2023<\/p>\n","protected":false},"excerpt":{"rendered":"<p>Dans cet esprit, le Pr\u00e9sident de la R\u00e9publique a indiqu\u00e9 au Premier Ministre, l\u2019imp\u00e9ratif d\u2019assurer&nbsp;un suivi r\u00e9gulier de l\u2019\u00e9tat de<\/p>\n","protected":false},"author":1,"featured_media":0,"comment_status":"open","ping_status":"open","sticky":false,"template":"","format":"standard","meta":{"footnotes":""},"categories":[6],"tags":[],"class_list":["post-11481","post","type-post","status-publish","format-standard","hentry","category-politics"],"_links":{"self":[{"href":"https:\/\/dekkbi.com\/index.php?rest_route=\/wp\/v2\/posts\/11481","targetHints":{"allow":["GET"]}}],"collection":[{"href":"https:\/\/dekkbi.com\/index.php?rest_route=\/wp\/v2\/posts"}],"about":[{"href":"https:\/\/dekkbi.com\/index.php?rest_route=\/wp\/v2\/types\/post"}],"author":[{"embeddable":true,"href":"https:\/\/dekkbi.com\/index.php?rest_route=\/wp\/v2\/users\/1"}],"replies":[{"embeddable":true,"href":"https:\/\/dekkbi.com\/index.php?rest_route=%2Fwp%2Fv2%2Fcomments&post=11481"}],"version-history":[{"count":1,"href":"https:\/\/dekkbi.com\/index.php?rest_route=\/wp\/v2\/posts\/11481\/revisions"}],"predecessor-version":[{"id":11482,"href":"https:\/\/dekkbi.com\/index.php?rest_route=\/wp\/v2\/posts\/11481\/revisions\/11482"}],"wp:attachment":[{"href":"https:\/\/dekkbi.com\/index.php?rest_route=%2Fwp%2Fv2%2Fmedia&parent=11481"}],"wp:term":[{"taxonomy":"category","embeddable":true,"href":"https:\/\/dekkbi.com\/index.php?rest_route=%2Fwp%2Fv2%2Fcategories&post=11481"},{"taxonomy":"post_tag","embeddable":true,"href":"https:\/\/dekkbi.com\/index.php?rest_route=%2Fwp%2Fv2%2Ftags&post=11481"}],"curies":[{"name":"wp","href":"https:\/\/api.w.org\/{rel}","templated":true}]}}