{"id":11478,"date":"2023-05-04T09:12:20","date_gmt":"2023-05-04T09:12:20","guid":{"rendered":"https:\/\/dekkbi.com\/?p=11478"},"modified":"2023-05-04T09:12:21","modified_gmt":"2023-05-04T09:12:21","slug":"organisation-can-2027-amadou-ba-donne-la-position-du-senegal","status":"publish","type":"post","link":"https:\/\/dekkbi.com\/?p=11478","title":{"rendered":"Organisation CAN 2027 : Amadou Ba donne la position du S\u00e9n\u00e9gal"},"content":{"rendered":"\n<p>iGFM (Dakar) Le Premier Ministre et nouveau ministre des Sports, Amadou Ba, s&rsquo;est exprim\u00e9, ce mercredi, \u00e0 Dakar, sur la probable candidature du S\u00e9n\u00e9gal \u00e0 l&rsquo;organisation de la Coupe d&rsquo;Afrique des Nations 2027 (CAN).<\/p>\n\n\n\n<p>\u00ab\u00a0Nous allons \u00e9tudier le cahier de charge de la CAN 2027 pour voir les conditions pour organiser la Coupe d\u2019Afrique. La candidature est d\u00e9j\u00e0 valid\u00e9e par le Pr\u00e9sident de la R\u00e9publique. En effet, Apr\u00e8s S\u00e9n\u00e9gal 92, le moment est venu au regard des r\u00e9sultats obtenus ces derniers temps, d\u2019organiser une comp\u00e9tition d\u2019envergure internationale\u00a0\u00bb, a-t-il d\u00e9clar\u00e9, lors de la passation de service avec l&rsquo;ex-ministre des Sports, Yankhoba Diatara.<br><br>\u00c0 rappeler que la Conf\u00e9d\u00e9ration Africaine de Football (CAF) a pour l&rsquo;heure enregistr\u00e9 quatre diff\u00e9rentes candidatures \u00e0 l&rsquo;organisation de la CAN 2027. Les nations candidates sont (par ordre alphab\u00e9tique) :<br><br>1. &nbsp; &nbsp;Alg\u00e9rie<br><br>2. &nbsp; &nbsp;Botswana<br><br>3. &nbsp; &nbsp;\u00c9gypte<br><br>4. &nbsp; &nbsp;Kenya, Ouganda et Tanzanie (candidature conjointe)<br><br>Prochaines \u00e9tapes et dates limites provisoires :<br><br>&#8211; 23 mai 2023 : Date limite \u00e0 laquelle les associations membres doivent soumettre leur candidature finale, y compris tous les documents de candidature et d&rsquo;accueil (accord cadre, accord avec les villes h\u00f4tes, garanties gouvernementales, etc.), qui doivent \u00eatre d\u00fbment sign\u00e9s.<br><br>&#8211; 1 juin-15 juillet 2023 : Visites d&rsquo;inspection<br><br>&#8211; Date \u00e0 confirmer : D\u00e9cision du Comit\u00e9 Ex\u00e9cutif de la CAF<\/p>\n","protected":false},"excerpt":{"rendered":"<p>iGFM (Dakar) Le Premier Ministre et nouveau ministre des Sports, Amadou Ba, s&rsquo;est exprim\u00e9, ce mercredi, \u00e0 Dakar, sur la<\/p>\n","protected":false},"author":1,"featured_media":11479,"comment_status":"open","ping_status":"open","sticky":false,"template":"","format":"standard","meta":{"footnotes":""},"categories":[9],"tags":[],"class_list":["post-11478","post","type-post","status-publish","format-standard","has-post-thumbnail","hentry","category-sports"],"_links":{"self":[{"href":"https:\/\/dekkbi.com\/index.php?rest_route=\/wp\/v2\/posts\/11478","targetHints":{"allow":["GET"]}}],"collection":[{"href":"https:\/\/dekkbi.com\/index.php?rest_route=\/wp\/v2\/posts"}],"about":[{"href":"https:\/\/dekkbi.com\/index.php?rest_route=\/wp\/v2\/types\/post"}],"author":[{"embeddable":true,"href":"https:\/\/dekkbi.com\/index.php?rest_route=\/wp\/v2\/users\/1"}],"replies":[{"embeddable":true,"href":"https:\/\/dekkbi.com\/index.php?rest_route=%2Fwp%2Fv2%2Fcomments&post=11478"}],"version-history":[{"count":1,"href":"https:\/\/dekkbi.com\/index.php?rest_route=\/wp\/v2\/posts\/11478\/revisions"}],"predecessor-version":[{"id":11480,"href":"https:\/\/dekkbi.com\/index.php?rest_route=\/wp\/v2\/posts\/11478\/revisions\/11480"}],"wp:featuredmedia":[{"embeddable":true,"href":"https:\/\/dekkbi.com\/index.php?rest_route=\/wp\/v2\/media\/11479"}],"wp:attachment":[{"href":"https:\/\/dekkbi.com\/index.php?rest_route=%2Fwp%2Fv2%2Fmedia&parent=11478"}],"wp:term":[{"taxonomy":"category","embeddable":true,"href":"https:\/\/dekkbi.com\/index.php?rest_route=%2Fwp%2Fv2%2Fcategories&post=11478"},{"taxonomy":"post_tag","embeddable":true,"href":"https:\/\/dekkbi.com\/index.php?rest_route=%2Fwp%2Fv2%2Ftags&post=11478"}],"curies":[{"name":"wp","href":"https:\/\/api.w.org\/{rel}","templated":true}]}}