{"id":11466,"date":"2023-05-03T10:49:44","date_gmt":"2023-05-03T10:49:44","guid":{"rendered":"https:\/\/dekkbi.com\/?p=11466"},"modified":"2023-05-03T10:49:44","modified_gmt":"2023-05-03T10:49:44","slug":"hivernage-2023-lanacim-prevoit-une-installation-precoce-de-la-saison-des-pluies","status":"publish","type":"post","link":"https:\/\/dekkbi.com\/?p=11466","title":{"rendered":"Hivernage 2023 : L\u2019Anacim pr\u00e9voit une installation pr\u00e9coce de la saison des pluies"},"content":{"rendered":"\n<p>L\u2019Agence nationale de l\u2019aviation civile et de la m\u00e9t\u00e9orologie (Anacim) pr\u00e9voit un d\u00e9marrage pr\u00e9coce de la saison des pluies au S\u00e9n\u00e9gal pour cette ann\u00e9e 2023. L\u2019agence donne ses pr\u00e9visions \u00e0 travers un communiqu\u00e9 de presse en date de ce mardi 02 mai 2023.<\/p>\n\n\n\n<p>En effet, apr\u00e8s l\u2019analyse des conditions des Temp\u00e9ratures de surface de la mer (Tsm) des Oc\u00e9ans Pacifique et Atlantique, l\u2019agence retient trois enseignements.<br>\u00a0<br>Il s\u2019agit d\u2019abord d\u2019une installation pr\u00e9coce\u00a0de la saison des pluies\u00a0surtout sur la partie nord, centre et ouest du pays. Sur le reste du territoire national, l\u2019Anacim pr\u00e9voit une installation normale de la saison des pluies.<br>\u00a0<br>Cela, selon le bulletin de pr\u00e9vision saisonni\u00e8re au S\u00e9n\u00e9gal pour l\u2019hivernage 2023, pourrait \u00eatre suivie par des pauses s\u00e8ches moyennes \u00e0 longues, surtout sur la partie Est.<br>\u00a0<br>Aussi, l\u2019Anacin pr\u00e9voit un cumul pluviom\u00e9trique pour la p\u00e9riode Mai-Juin-Juillet (MJJ) 2023 qui sera exc\u00e9dentaire sur une bonne partie du territoire except\u00e9e la partie Est o\u00f9 des conditions normales sont attendues.<br>\u00a0<br>Enfin, le bulletin donne une autre pr\u00e9vision selon laquelle un cumul pluviom\u00e9trique pour la p\u00e9riode Juin-Juillet-Ao\u00fbt (JJA) 2023 normal \u00e0 exc\u00e9dentaire sur une bonne partie du territoire est pr\u00e9vu.<br>\u00a0<br>Selon le bulletin de pr\u00e9vision saisonni\u00e8re au S\u00e9n\u00e9gal pour l\u2019hivernage 2023, il est \u00e9galement pr\u00e9vu des risques d\u2019\u00e9v\u00e9nements pluviom\u00e9triques extr\u00eames, particuli\u00e8rement sur la fa\u00e7ade Ouest du pays.<br>\u00a0<br><strong>Source &#8211; Bassirou MBAYE &#8211; lejecos<\/strong><\/p>\n","protected":false},"excerpt":{"rendered":"<p>L\u2019Agence nationale de l\u2019aviation civile et de la m\u00e9t\u00e9orologie (Anacim) pr\u00e9voit un d\u00e9marrage pr\u00e9coce de la saison des pluies au<\/p>\n","protected":false},"author":1,"featured_media":11467,"comment_status":"open","ping_status":"open","sticky":false,"template":"","format":"standard","meta":{"footnotes":""},"categories":[21],"tags":[],"class_list":["post-11466","post","type-post","status-publish","format-standard","has-post-thumbnail","hentry","category-societe"],"_links":{"self":[{"href":"https:\/\/dekkbi.com\/index.php?rest_route=\/wp\/v2\/posts\/11466","targetHints":{"allow":["GET"]}}],"collection":[{"href":"https:\/\/dekkbi.com\/index.php?rest_route=\/wp\/v2\/posts"}],"about":[{"href":"https:\/\/dekkbi.com\/index.php?rest_route=\/wp\/v2\/types\/post"}],"author":[{"embeddable":true,"href":"https:\/\/dekkbi.com\/index.php?rest_route=\/wp\/v2\/users\/1"}],"replies":[{"embeddable":true,"href":"https:\/\/dekkbi.com\/index.php?rest_route=%2Fwp%2Fv2%2Fcomments&post=11466"}],"version-history":[{"count":1,"href":"https:\/\/dekkbi.com\/index.php?rest_route=\/wp\/v2\/posts\/11466\/revisions"}],"predecessor-version":[{"id":11468,"href":"https:\/\/dekkbi.com\/index.php?rest_route=\/wp\/v2\/posts\/11466\/revisions\/11468"}],"wp:featuredmedia":[{"embeddable":true,"href":"https:\/\/dekkbi.com\/index.php?rest_route=\/wp\/v2\/media\/11467"}],"wp:attachment":[{"href":"https:\/\/dekkbi.com\/index.php?rest_route=%2Fwp%2Fv2%2Fmedia&parent=11466"}],"wp:term":[{"taxonomy":"category","embeddable":true,"href":"https:\/\/dekkbi.com\/index.php?rest_route=%2Fwp%2Fv2%2Fcategories&post=11466"},{"taxonomy":"post_tag","embeddable":true,"href":"https:\/\/dekkbi.com\/index.php?rest_route=%2Fwp%2Fv2%2Ftags&post=11466"}],"curies":[{"name":"wp","href":"https:\/\/api.w.org\/{rel}","templated":true}]}}