{"id":11459,"date":"2023-05-03T10:21:01","date_gmt":"2023-05-03T10:21:01","guid":{"rendered":"https:\/\/dekkbi.com\/?p=11459"},"modified":"2023-05-03T10:21:02","modified_gmt":"2023-05-03T10:21:02","slug":"lex-president-de-la-caf-rattrape-par-la-justice-a-madagascar","status":"publish","type":"post","link":"https:\/\/dekkbi.com\/?p=11459","title":{"rendered":"L\u2019ex-pr\u00e9sident de la CAF rattrap\u00e9 par la justice \u00e0 Madagascar !"},"content":{"rendered":"\n<p>Ahmad Ahmad, ancien pr\u00e9sident de la CAF (2017-2021), est vis\u00e9 par une enqu\u00eate par la commission anti-corruption de Madagascar, son pays natal. Il serait accus\u00e9 \u201cd\u2019abus de fonction\u201c, selon Afrikfoot.<\/p>\n\n\n\n<p>Ahmad Ahmad \u00e0 nouveau dans la tourmente. En novembre 2020, le dirigeant avait \u00e9t\u00e9 sanctionn\u00e9 par la FIFA d\u2019une interdiction d\u2019exercer durant cinq ans toute activit\u00e9 li\u00e9e au football pour plusieurs entorses au code d\u2019\u00e9thique, dont des d\u00e9tournements de fonds. M\u00eame si sa sanction avait \u00e9t\u00e9 r\u00e9duite par le Tribunal Arbitral du Sport, le Malgache n\u2019avait pas pu briguer sa succession \u00e0 la t\u00eate de la Conf\u00e9d\u00e9ration africaine de football (CAF). Un peu moins de trois ans plus tard, l&rsquo;homme de 63 ans se retrouve de nouveau rattrap\u00e9 par la justice. Selon le journaliste de la BBC, Osasu Obayiuwana, l\u2019ex-ministre a \u00e9t\u00e9 convoqu\u00e9 ce mardi par le BIANCO, le Bureau Ind\u00e9pendant Anti-Corruption de Madagascar.<br><br><strong>Interrog\u00e9 en tant que ministre<\/strong><br><br>Voici ce que d\u00e9clare notre confr\u00e8re sur la situation de l\u2019ancien pr\u00e9sident de la CAF, photos \u00e0 l\u2019appui. \u201cCe sont des photos prises mardi devant les bureaux de BIANCO \u00e0 Mahajanga, Madagascar. Il est accus\u00e9 d&rsquo;abus de fonction. (\u2026) Ahmad Ahmad a \u00e9t\u00e9 interrog\u00e9 par le BIANCO mais a \u00e9t\u00e9 autoris\u00e9 \u00e0 rentrer chez lui, pour l&rsquo;instant. L&rsquo;affaire pour laquelle il est interrog\u00e9 s&rsquo;est d\u00e9roul\u00e9e alors qu&rsquo;Ahmad \u00e9tait ministre de la p\u00eache du pays (2014-2016)\u201d. Aucune information suppl\u00e9mentaire n\u2019est connue pour le moment. Un nouveau d\u00e9m\u00eal\u00e9 judiciaire pour l&rsquo;ex-dirigeant, reconverti dans l&rsquo;immobilier. \u201cJ\u2019ai lanc\u00e9 un petit projet immobilier, une nouvelle activit\u00e9 parce que, \u00e0 63 ans, je suis maintenant \u00e0 la retraite, une vie bien meilleure loin du stress\u202f !\u201d, d\u00e9clarait-il en janvier.<\/p>\n\n\n\n<p> Source &#8211; RFI<\/p>\n","protected":false},"excerpt":{"rendered":"<p>Ahmad Ahmad, ancien pr\u00e9sident de la CAF (2017-2021), est vis\u00e9 par une enqu\u00eate par la commission anti-corruption de Madagascar, son<\/p>\n","protected":false},"author":1,"featured_media":11460,"comment_status":"open","ping_status":"open","sticky":false,"template":"","format":"standard","meta":{"footnotes":""},"categories":[51],"tags":[],"class_list":["post-11459","post","type-post","status-publish","format-standard","has-post-thumbnail","hentry","category-general"],"_links":{"self":[{"href":"https:\/\/dekkbi.com\/index.php?rest_route=\/wp\/v2\/posts\/11459","targetHints":{"allow":["GET"]}}],"collection":[{"href":"https:\/\/dekkbi.com\/index.php?rest_route=\/wp\/v2\/posts"}],"about":[{"href":"https:\/\/dekkbi.com\/index.php?rest_route=\/wp\/v2\/types\/post"}],"author":[{"embeddable":true,"href":"https:\/\/dekkbi.com\/index.php?rest_route=\/wp\/v2\/users\/1"}],"replies":[{"embeddable":true,"href":"https:\/\/dekkbi.com\/index.php?rest_route=%2Fwp%2Fv2%2Fcomments&post=11459"}],"version-history":[{"count":1,"href":"https:\/\/dekkbi.com\/index.php?rest_route=\/wp\/v2\/posts\/11459\/revisions"}],"predecessor-version":[{"id":11461,"href":"https:\/\/dekkbi.com\/index.php?rest_route=\/wp\/v2\/posts\/11459\/revisions\/11461"}],"wp:featuredmedia":[{"embeddable":true,"href":"https:\/\/dekkbi.com\/index.php?rest_route=\/wp\/v2\/media\/11460"}],"wp:attachment":[{"href":"https:\/\/dekkbi.com\/index.php?rest_route=%2Fwp%2Fv2%2Fmedia&parent=11459"}],"wp:term":[{"taxonomy":"category","embeddable":true,"href":"https:\/\/dekkbi.com\/index.php?rest_route=%2Fwp%2Fv2%2Fcategories&post=11459"},{"taxonomy":"post_tag","embeddable":true,"href":"https:\/\/dekkbi.com\/index.php?rest_route=%2Fwp%2Fv2%2Ftags&post=11459"}],"curies":[{"name":"wp","href":"https:\/\/api.w.org\/{rel}","templated":true}]}}