{"id":11450,"date":"2023-05-03T09:55:15","date_gmt":"2023-05-03T09:55:15","guid":{"rendered":"https:\/\/dekkbi.com\/?p=11450"},"modified":"2023-05-03T09:55:16","modified_gmt":"2023-05-03T09:55:16","slug":"mbacke-le-depute-abdou-mbacke-ndao-invite-macky-sall-a-liberer-les-detenus-politiques","status":"publish","type":"post","link":"https:\/\/dekkbi.com\/?p=11450","title":{"rendered":"Mback\u00e9: Le d\u00e9put\u00e9 Abdou Mback\u00e9 Ndao invite Macky Sall \u00e0 lib\u00e9rer les \u00ab\u00a0d\u00e9tenus politiques\u00a0\u00bb"},"content":{"rendered":"\n<p>L&rsquo;ancien maire de\u00a0 Mback\u00e9, Abdou Mback\u00e9 Ndao interpelle le pr\u00e9sident Macky Sall sur la\u00a0 pr\u00e9servation de la coh\u00e9sion sociale. C\u2019est dans ce sens que ce parlementaire a invit\u00e9 le chef de l&rsquo;Etat \u00e0 lib\u00e9rer tous les \u00ab\u00a0d\u00e9tenus politiques\u00a0\u00bb.<br>\u00a0\u00bb Pour l&rsquo;apaisement du climat social, je demande solennellement au Pr\u00e9sident de la R\u00e9publique Macky Sall, de lib\u00e9rer des d\u00e9tenus politiques\u00a0\u00bb a-t-il d\u00e9clar\u00e9.<br>\u00c9lu sous la banni\u00e8re de l&rsquo;inter-coalition Yaw-Wallu du d\u00e9partement de Mback\u00e9, le d\u00e9put\u00e9 Abdou Mback\u00e9 Ndao vient de lancer son mouvement politique d\u00e9nomm\u00e9 \u00a0\u00bb l&rsquo;Alliance Nationale pour le changement \u00a0\u00bb ( Paix et Prosp\u00e9rit\u00e9 Jam ak x\u00e9weul).<br>Le pr\u00e9sident de l\u2019A.N.C a d\u00e9clin\u00e9 sa feuille de route devant ses militants et ses sympathisants avant de r\u00e9affirmer son appartenance \u00e0 l&rsquo;opposition.<\/p>\n\n\n\n<p>Source &#8211; seneweb<\/p>\n","protected":false},"excerpt":{"rendered":"<p>L&rsquo;ancien maire de\u00a0 Mback\u00e9, Abdou Mback\u00e9 Ndao interpelle le pr\u00e9sident Macky Sall sur la\u00a0 pr\u00e9servation de la coh\u00e9sion sociale. C\u2019est<\/p>\n","protected":false},"author":1,"featured_media":11451,"comment_status":"open","ping_status":"open","sticky":false,"template":"","format":"standard","meta":{"footnotes":""},"categories":[6],"tags":[],"class_list":["post-11450","post","type-post","status-publish","format-standard","has-post-thumbnail","hentry","category-politics"],"_links":{"self":[{"href":"https:\/\/dekkbi.com\/index.php?rest_route=\/wp\/v2\/posts\/11450","targetHints":{"allow":["GET"]}}],"collection":[{"href":"https:\/\/dekkbi.com\/index.php?rest_route=\/wp\/v2\/posts"}],"about":[{"href":"https:\/\/dekkbi.com\/index.php?rest_route=\/wp\/v2\/types\/post"}],"author":[{"embeddable":true,"href":"https:\/\/dekkbi.com\/index.php?rest_route=\/wp\/v2\/users\/1"}],"replies":[{"embeddable":true,"href":"https:\/\/dekkbi.com\/index.php?rest_route=%2Fwp%2Fv2%2Fcomments&post=11450"}],"version-history":[{"count":1,"href":"https:\/\/dekkbi.com\/index.php?rest_route=\/wp\/v2\/posts\/11450\/revisions"}],"predecessor-version":[{"id":11452,"href":"https:\/\/dekkbi.com\/index.php?rest_route=\/wp\/v2\/posts\/11450\/revisions\/11452"}],"wp:featuredmedia":[{"embeddable":true,"href":"https:\/\/dekkbi.com\/index.php?rest_route=\/wp\/v2\/media\/11451"}],"wp:attachment":[{"href":"https:\/\/dekkbi.com\/index.php?rest_route=%2Fwp%2Fv2%2Fmedia&parent=11450"}],"wp:term":[{"taxonomy":"category","embeddable":true,"href":"https:\/\/dekkbi.com\/index.php?rest_route=%2Fwp%2Fv2%2Fcategories&post=11450"},{"taxonomy":"post_tag","embeddable":true,"href":"https:\/\/dekkbi.com\/index.php?rest_route=%2Fwp%2Fv2%2Ftags&post=11450"}],"curies":[{"name":"wp","href":"https:\/\/api.w.org\/{rel}","templated":true}]}}