{"id":11431,"date":"2023-05-03T09:27:44","date_gmt":"2023-05-03T09:27:44","guid":{"rendered":"https:\/\/dekkbi.com\/?p=11431"},"modified":"2023-05-03T09:27:45","modified_gmt":"2023-05-03T09:27:45","slug":"universite-publique-evaluer-la-pedagogie-lefficacite-interne","status":"publish","type":"post","link":"https:\/\/dekkbi.com\/?p=11431","title":{"rendered":"Universit\u00e9 publique : \u00c9valuer la p\u00e9dagogie, l\u2019efficacit\u00e9 interne,\u2026"},"content":{"rendered":"\n<p><strong>L\u2019Universit\u00e9 s\u00e9n\u00e9galaise a besoin d\u2019\u00e9valuation. C\u2019est la conviction du recteur de l\u2019Ucad qui interroge la p\u00e9dagogie, l\u2019enseignement \u00e0 distance ou en pr\u00e9sentiel, les m\u00e9thodes d\u2019\u00e9valuation ou encore l\u2019efficacit\u00e9 interne et le financement.<\/strong><\/p>\n\n\n\n<p>L\u2019Universit\u00e9 Cheikh Anta Diop de Dakar et l\u2019Unesco ont sign\u00e9 une convention de partenariat, ce mardi 2 mai au Rectorat. Le Recteur Ahmadou Aly Mbaye a ainsi saisi l\u2019occasion pour exprimer ses attentes par rapport \u00e0 des questions urgentes qui interpelle l\u2019universit\u00e9 publique au S\u00e9n\u00e9gal.<\/p>\n\n\n\n<p>Il s\u2019agit d\u2019avoir une \u00e9valuation pour d\u00e9terminer le mod\u00e8le le plus efficace entre la formation \u00e0 distance ou en pr\u00e9sentiel. \u00ab Nous avons des bacheliers qui veulent acc\u00e9der \u00e0 l\u2019enseignement sup\u00e9rieur, mais nos infrastructures ne sont pas \u00e9lastiques. L\u2019alternative qui s\u2019offre \u00e0 nous est la formation hydride. (\u2026) On a besoin d\u2019\u00e9valuation ! J\u2019esp\u00e8re qu\u2019on va engager ce chantier avec vous \u00bb.<\/p>\n\n\n\n<p>Les autres chantiers sont relatifs au choix entre la p\u00e9dagogie verticale et celle dite invers\u00e9e. Mais aussi exp\u00e9rimenter les nouvelles m\u00e9thodes d\u2019\u00e9valuation des connaissances. \u00ab Jusqu\u2019\u00e0 pr\u00e9sent, dans certaines de nos facult\u00e9s, les examens prennent 40 jours. On a compar\u00e9 avec des universit\u00e9s de Montr\u00e9al, ils le font en 10 jours. Il y a des choses \u00e0 apprendre \u00bb, souligne le Recteur qui esp\u00e8re un accompagnement de l\u2019Unesco dans ce domaine.<\/p>\n\n\n\n<p><strong>L\u2019intelligence artificielle au S\u00e9n\u00e9gal<\/strong><\/p>\n\n\n\n<p>Autre point soulev\u00e9 par le Recteur, l\u2019efficacit\u00e9 interne \u00e0 l\u2019Universit\u00e9. Ahmadou Aly Mbaye pense qu\u2019il y a n\u00e9cessit\u00e9 de revoir le niveau d\u2019efficacit\u00e9 interne. En France, souligne-t-il, il n\u2019y a que 30% des \u00e9tudiants qui font le transit de la licence en 3 ans. 70% le font en plus de 3 ans. Ce qui est une tr\u00e8s faible efficacit\u00e9 interne.<\/p>\n\n\n\n<p>Une r\u00e9alit\u00e9 \u00e0 laquelle n\u2019\u00e9chappent pas les universit\u00e9s francophones. \u00ab On a les m\u00eames probl\u00e8mes. L\u00e0 aussi, nous avons besoin de travailler pour voir comment changer ce taux \u00bb. A ce point s\u2019ajoute le besoin de mieux faire correspondre la formation aux emplois disponibles, autrement l\u2019employabilit\u00e9.<\/p>\n\n\n\n<p>Le Recteur n\u2019a pas non plus oubli\u00e9 le financement, essentiellement assur\u00e9 par l\u2019Etat. \u00ab La participation des familles est marginale dans le financement de l&rsquo;\u00e9ducation. Ce n&rsquo;est pas comme cela que \u00e7a se fait partout. Il y a des choses que le partenariat peut permettre de faire \u00bb, insiste-t-il.<\/p>\n\n\n\n<p>Parmi les autres axes vis\u00e9s par l\u2019Unesco, il y a le domaine de l\u2019intelligence artificielle. D\u2019ailleurs, un atelier d\u2019\u00e9valuation du niveau de pr\u00e9paration du S\u00e9n\u00e9gal sur l\u2019intelligence artificielle a \u00e9t\u00e9 lanc\u00e9, ce matin par l\u2019Unesco. Il s\u2019agit de voir le niveau d\u2019utilisation et de r\u00e9gulation de l\u2019IA, notamment en r\u00e9fl\u00e9chissant sur la question \u00e9thique.<\/p>\n\n\n\n<p><strong>Les jeunes ont besoin de sortir<\/strong><\/p>\n\n\n\n<p>L\u2019\u00e9quipe d\u2019experts dirig\u00e9e par Pr Landry Sylvain de l\u2019Ucad et elle rassure Gabriela Ramos, sous directrice g\u00e9n\u00e9rale de l&rsquo;UNESCO, en charge du programme des sciences humaines et sociales. \u00ab Quand j\u2019ai parl\u00e9 avec le Pr Faye, c&rsquo;\u00e9tait surprenant. C\u2019\u00e9tait incroyable. Nous sommes pr\u00eats \u00e0 nous engager \u00bb, d\u00e9clare-t-elle.<\/p>\n\n\n\n<p>L\u2019accueil dans les locaux et dans les programmes de l\u2019Unesco de jeunes chercheurs s\u00e9n\u00e9galais en sciences sociales ou dans d\u2019autres domaines figure en bonne place dans cette convention. Ce qui permettra aux \u00e9tudiants d\u2019avoir une exp\u00e9rience scientifique, de faire des stages dans un environnement international avec une diversit\u00e9 culturelle. Et d\u2019\u00eatre form\u00e9s par rapport aux enjeux actuels.<\/p>\n\n\n\n<p>Une perspective qui cadre bien avec la vision du recteur de l\u2019Ucad, Pr Ahmadou Aly Mbaye. Pour lui, les jeunes ont besoin de sortir, d\u2019avoir un contact avec\u00a0 l\u2019ext\u00e9rieur. \u00ab L\u2019Universit\u00e9, c\u2019est l\u2019internationalisation. C\u2019est une tr\u00e8s belle opportunit\u00e9 que nous allons saisir pour en faire b\u00e9n\u00e9ficier \u00e0 nos jeunes \u00bb, promet-il.<\/p>\n\n\n\n<p>Source &#8211; seneweb<\/p>\n","protected":false},"excerpt":{"rendered":"<p>L\u2019Universit\u00e9 s\u00e9n\u00e9galaise a besoin d\u2019\u00e9valuation. C\u2019est la conviction du recteur de l\u2019Ucad qui interroge la p\u00e9dagogie, l\u2019enseignement \u00e0 distance ou<\/p>\n","protected":false},"author":1,"featured_media":11432,"comment_status":"open","ping_status":"open","sticky":false,"template":"","format":"standard","meta":{"footnotes":""},"categories":[21],"tags":[],"class_list":["post-11431","post","type-post","status-publish","format-standard","has-post-thumbnail","hentry","category-societe"],"_links":{"self":[{"href":"https:\/\/dekkbi.com\/index.php?rest_route=\/wp\/v2\/posts\/11431","targetHints":{"allow":["GET"]}}],"collection":[{"href":"https:\/\/dekkbi.com\/index.php?rest_route=\/wp\/v2\/posts"}],"about":[{"href":"https:\/\/dekkbi.com\/index.php?rest_route=\/wp\/v2\/types\/post"}],"author":[{"embeddable":true,"href":"https:\/\/dekkbi.com\/index.php?rest_route=\/wp\/v2\/users\/1"}],"replies":[{"embeddable":true,"href":"https:\/\/dekkbi.com\/index.php?rest_route=%2Fwp%2Fv2%2Fcomments&post=11431"}],"version-history":[{"count":1,"href":"https:\/\/dekkbi.com\/index.php?rest_route=\/wp\/v2\/posts\/11431\/revisions"}],"predecessor-version":[{"id":11433,"href":"https:\/\/dekkbi.com\/index.php?rest_route=\/wp\/v2\/posts\/11431\/revisions\/11433"}],"wp:featuredmedia":[{"embeddable":true,"href":"https:\/\/dekkbi.com\/index.php?rest_route=\/wp\/v2\/media\/11432"}],"wp:attachment":[{"href":"https:\/\/dekkbi.com\/index.php?rest_route=%2Fwp%2Fv2%2Fmedia&parent=11431"}],"wp:term":[{"taxonomy":"category","embeddable":true,"href":"https:\/\/dekkbi.com\/index.php?rest_route=%2Fwp%2Fv2%2Fcategories&post=11431"},{"taxonomy":"post_tag","embeddable":true,"href":"https:\/\/dekkbi.com\/index.php?rest_route=%2Fwp%2Fv2%2Ftags&post=11431"}],"curies":[{"name":"wp","href":"https:\/\/api.w.org\/{rel}","templated":true}]}}