{"id":11422,"date":"2023-05-02T12:05:45","date_gmt":"2023-05-02T12:05:45","guid":{"rendered":"https:\/\/dekkbi.com\/?p=11422"},"modified":"2023-05-02T12:05:47","modified_gmt":"2023-05-02T12:05:47","slug":"la-filiation-de-la-senelec-augure-des-lendemains-encore-plus-prometteurs-selon-son-directeur-general","status":"publish","type":"post","link":"https:\/\/dekkbi.com\/?p=11422","title":{"rendered":"La filiation de la Senelec augure des \u2018\u2019lendemains encore plus prometteurs\u2019\u2019, selon son directeur g\u00e9n\u00e9ral"},"content":{"rendered":"\n<p><strong>(APS) \u2013 Le directeur g\u00e9n\u00e9ral de la Soci\u00e9t\u00e9 nationale d\u2019\u00e9lectricit\u00e9 du S\u00e9n\u00e9gal (Senelec), Pape Mademba Bit\u00e8ye, a fait part, lundi, \u00e0 Dakar, de sa \u2018\u2019foi en des lendemains encore plus prometteurs\u2019\u2019 pour l\u2019entreprise, en raison de sa filialisation \u00e0 venir.<\/strong><\/p>\n\n\n\n<p>\u2018\u2019Je dois souligner que les&nbsp;[employ\u00e9s de la Senelec]&nbsp;que vous \u00eates me donnent espoir et renforcent ma foi en des lendemains encore plus prometteurs\u2019\u2019, a dit M. Bit\u00e8ye dans un discours adress\u00e9 aux employ\u00e9s de la Senelec \u00e0 l\u2019occasion de la c\u00e9l\u00e9bration de la Journ\u00e9e internationale du travail.<\/p>\n\n\n\n<p>\u2018\u2019Les d\u00e9fis tapisseront toujours notre existence entrepreneuriale et, pour faire face \u00e0 leur urgence et \u00e0 leur complexit\u00e9, la paix sociale demeure imp\u00e9rieuse, car elle garantit la mobilisation de nos forces combin\u00e9es et de notre engagement sans faille ni retenue pour les surmonter\u2019\u2019, a-t-il ajout\u00e9.<\/p>\n\n\n\n<p>Pape Mademba Bit\u00e8ye affirme que \u2018\u2019l\u2019un de ces d\u00e9fis&nbsp;[\u2026]&nbsp;est la r\u00e9forme institutionnelle qui attend et interpelle\u2019\u2019 la Senelec et ses travailleurs.<\/p>\n\n\n\n<p>Il parle ainsi de la filialisation de la soci\u00e9t\u00e9 de production et de distribution d\u2019\u00e9lectricit\u00e9.<\/p>\n\n\n\n<p>Il s\u2019agit de transformer la Senelec en une holding s\u2019appuyant sur quatre filiales charg\u00e9es du transport, de la distribution, de la production et des ventes de courant \u00e9lectrique, a expliqu\u00e9 \u00e0 l\u2019APS le service charg\u00e9 de la communication de l\u2019entreprise.<\/p>\n\n\n\n<p>\u2018\u2019Dans l\u2019optique de cette r\u00e9forme qui pointe, nous pouvons compter sur le soutien sans retenue du chef de l\u2019Etat, qui n\u2019a pas manqu\u00e9 d\u2019insister sur la sacralisation d\u2019une d\u00e9marche participative et inclusive\u2019\u2019, a dit M. Bit\u00e8ye \u00e0 ses collaborateurs.<\/p>\n\n\n\n<p>\u2018\u2019La r\u00e9forme institutionnelle qui pointe \u00e0 l\u2019horizon ne serait qu\u2019une \u00e9tape dans le processus continu de bonification de ce fleuron de l\u2019industrie s\u00e9n\u00e9galaise qu\u2019est la Senelec\u2019\u2019, a-t-il ajout\u00e9 dans son discours dont l\u2019APS a obtenu une copie.<\/p>\n\n\n\n<p>Un autre document re\u00e7u de la Soci\u00e9t\u00e9 nationale d\u2019\u00e9lectricit\u00e9 du S\u00e9n\u00e9gal affirme que \u2018\u2019pour une premi\u00e8re,&nbsp;[ses]&nbsp;quatre syndicats se sont regroup\u00e9s autour de la Convergence syndicale des travailleurs de la Senelec (CSTS) pour f\u00eater ensemble le 1<sup>er<\/sup>-Mai\u2019\u2019, la Journ\u00e9e internationale du travail.<\/p>\n\n\n\n<p>\u2018\u2019Cette unit\u00e9 syndicale traduit le climat social apais\u00e9 entre la direction g\u00e9n\u00e9rale&nbsp;[\u2026]&nbsp;et les partenaires sociaux, ainsi que le souci de pr\u00e9server leur outil de travail dans ce contexte de r\u00e9formes institutionnelles\u2019\u2019, souligne-t-il.<\/p>\n\n\n\n<p>\u2018\u2019La direction g\u00e9n\u00e9rale de la Senelec et la&nbsp;[CSTS]&nbsp;ont f\u00eat\u00e9, dans un climat social apais\u00e9, la f\u00eate du 1<sup>er<\/sup>-Mai, en pr\u00e9sence du ministre du P\u00e9trole et des Energies, Mme A\u00efssatou Sophie Gladima, et de son directeur de cabinet, M. Issa Dione.\u2019\u2019<\/p>\n\n\n\n<p>\u2018\u2019Le pr\u00e9sident de la R\u00e9publique a autoris\u00e9 la mise \u00e0 niveau des centrales de la Senelec avant qu\u2019on aille vers la cr\u00e9ation de&nbsp;[la]&nbsp;filiale production\u2019\u2019, souligne la m\u00eame source.<\/p>\n\n\n\n<p>Elle ajoute que \u2018\u2019le pr\u00e9sident de la R\u00e9publique a insist\u00e9 pour que 40 % de la production\u2019\u2019 d\u2019\u00e9lectricit\u00e9&nbsp;s\u00e9n\u00e9galaise \u2018\u2019soit d\u00e9tenue par la filiale production de la Senelec\u2019\u2019.<\/p>\n\n\n\n<p>\u2018\u2019La Senelec a \u00e9galement obtenu du pr\u00e9sident de la R\u00e9publique l\u2019autorisation de mettre en place une centrale de 120 m\u00e9gawatts sur le site du cap des Biches\u2019\u2019, dans le d\u00e9partement de Rufisque (ouest), affirme le texte.<\/p>\n\n\n\n<p>\u2018\u2019Cette centrale, qui fonctionnera avec un cycle combin\u00e9, sera dot\u00e9 d\u2019une technologie plus moderne et plus performante que les centrales des producteurs priv\u00e9s ind\u00e9pendants install\u00e9es dans le pays\u2019\u2019, assure la soci\u00e9t\u00e9 de distribution d\u2019\u00e9lectricit\u00e9.<\/p>\n\n\n\n<p>ESF\/MTN<\/p>\n","protected":false},"excerpt":{"rendered":"<p>(APS) \u2013 Le directeur g\u00e9n\u00e9ral de la Soci\u00e9t\u00e9 nationale d\u2019\u00e9lectricit\u00e9 du S\u00e9n\u00e9gal (Senelec), Pape Mademba Bit\u00e8ye, a fait part, lundi,<\/p>\n","protected":false},"author":1,"featured_media":5212,"comment_status":"open","ping_status":"open","sticky":false,"template":"","format":"standard","meta":{"footnotes":""},"categories":[21],"tags":[],"class_list":["post-11422","post","type-post","status-publish","format-standard","has-post-thumbnail","hentry","category-societe"],"_links":{"self":[{"href":"https:\/\/dekkbi.com\/index.php?rest_route=\/wp\/v2\/posts\/11422","targetHints":{"allow":["GET"]}}],"collection":[{"href":"https:\/\/dekkbi.com\/index.php?rest_route=\/wp\/v2\/posts"}],"about":[{"href":"https:\/\/dekkbi.com\/index.php?rest_route=\/wp\/v2\/types\/post"}],"author":[{"embeddable":true,"href":"https:\/\/dekkbi.com\/index.php?rest_route=\/wp\/v2\/users\/1"}],"replies":[{"embeddable":true,"href":"https:\/\/dekkbi.com\/index.php?rest_route=%2Fwp%2Fv2%2Fcomments&post=11422"}],"version-history":[{"count":1,"href":"https:\/\/dekkbi.com\/index.php?rest_route=\/wp\/v2\/posts\/11422\/revisions"}],"predecessor-version":[{"id":11423,"href":"https:\/\/dekkbi.com\/index.php?rest_route=\/wp\/v2\/posts\/11422\/revisions\/11423"}],"wp:featuredmedia":[{"embeddable":true,"href":"https:\/\/dekkbi.com\/index.php?rest_route=\/wp\/v2\/media\/5212"}],"wp:attachment":[{"href":"https:\/\/dekkbi.com\/index.php?rest_route=%2Fwp%2Fv2%2Fmedia&parent=11422"}],"wp:term":[{"taxonomy":"category","embeddable":true,"href":"https:\/\/dekkbi.com\/index.php?rest_route=%2Fwp%2Fv2%2Fcategories&post=11422"},{"taxonomy":"post_tag","embeddable":true,"href":"https:\/\/dekkbi.com\/index.php?rest_route=%2Fwp%2Fv2%2Ftags&post=11422"}],"curies":[{"name":"wp","href":"https:\/\/api.w.org\/{rel}","templated":true}]}}