{"id":11328,"date":"2023-05-01T10:19:01","date_gmt":"2023-05-01T10:19:01","guid":{"rendered":"https:\/\/dekkbi.com\/?p=11328"},"modified":"2023-05-01T10:19:02","modified_gmt":"2023-05-01T10:19:02","slug":"nouveau-pca-de-la-bicis-mahammed-boun-abdallah-dionne-competence-avant-tout","status":"publish","type":"post","link":"https:\/\/dekkbi.com\/?p=11328","title":{"rendered":"Nouveau PCA de la BICIS : Mahammed Boun Abdallah Dionne, comp\u00e9tence avant tout"},"content":{"rendered":"\n<p>L\u2019ancien Premier ministre du S\u00e9n\u00e9gal, Mahammed Boun Abdallah Dionne, vient d\u2019\u00eatre nomm\u00e9 pr\u00e9sident du conseil d\u2019administration de la BICIS, banque r\u00e9cemment acquise par le groupe SUNU du S\u00e9n\u00e9galais Path\u00e9 Dione. Cette nomination r\u00e9compense les comp\u00e9tences de cet ing\u00e9nieur informaticien et \u00e9conomiste, plut\u00f4t que ses liens politiques.<\/p>\n\n\n\n<p>Mahammed Boun Abdallah Dionne a fait ses \u00e9tudes sup\u00e9rieures en France o\u00f9 il a obtenu un dipl\u00f4me de l&rsquo;Institut d&rsquo;informatique d&rsquo;entreprise (IIE) et un dipl\u00f4me de troisi\u00e8me cycle en Economie Internationale et Globalisation, sp\u00e9cialit\u00e9 Politiques \u00e9conomiques et sociales de l&rsquo;universit\u00e9 de Grenoble. Il a \u00e9galement suivi des formations dispens\u00e9es par la Banque centrale des \u00c9tats de l&rsquo;Afrique de l&rsquo;Ouest (BCEAO), l&rsquo;Institut du Fonds mon\u00e9taire international et l&rsquo;Institut de la Banque mondiale.Sa carri\u00e8re professionnelle a d\u00e9but\u00e9 en 1983 chez IBM France avant de rejoindre en 1986 la Banque centrale des \u00c9tats de l&rsquo;Afrique de l&rsquo;Ouest o\u00f9 il a gravi les \u00e9chelons pour devenir Directeur de cabinet du Premier ministre Macky Sall de 2005 \u00e0 2007. Il a \u00e9galement travaill\u00e9 pour l&rsquo;Organisation des Nations unies pour le D\u00e9veloppement industriel (ONUDI) en Alg\u00e9rie et en Autriche.En 2014, Mahammed Dionne est nomm\u00e9 Premier ministre par le pr\u00e9sident Macky Sall. Il a dirig\u00e9 avec succ\u00e8s la Coalition gouvernementale sortante lors des \u00e9lections l\u00e9gislatives en 2017, qui a remport\u00e9 125 d\u00e9put\u00e9s sur les 165 que compte l&rsquo;Assembl\u00e9e nationale du S\u00e9n\u00e9gal. Il a d\u00e9missionn\u00e9 de l&rsquo;Assembl\u00e9e nationale apr\u00e8s avoir \u00e9t\u00e9 r\u00e9\u00e9lu Premier ministre. En 2019, lors de l&rsquo;\u00e9lection pr\u00e9sidentielle, il a \u00e9t\u00e9 d\u00e9sign\u00e9 \u00e0 la t\u00eate du P\u00f4le Programme au sein du directoire de campagne du Pr\u00e9sident Macky Sall. Avec son \u00e9quipe, il a con\u00e7u le programme \u00ab\u00a0LIGGEEYAL ELLEK\u00a0\u00bb ou \u00ab\u00a0Le Rendez-vous avec l&rsquo;Avenir\u00a0\u00bb compos\u00e9 de 5 axes strat\u00e9giques pour le d\u00e9veloppement du S\u00e9n\u00e9gal.La nomination de Mahammed Boun Abdallah Dionne \u00e0 la pr\u00e9sidence du conseil d\u2019administration de la BICIS est donc une reconnaissance de ses comp\u00e9tences professionnelles. Dans son compte Twitter, le nouveau PCA a rendu hommage au fondateur du groupe SUNU, Path\u00e9 Dione, ainsi qu\u2019au pr\u00e9sident Macky Sall et les autorit\u00e9s s\u00e9n\u00e9galaises qui ont soutenu la structuration de l\u2019op\u00e9ration qui est une fiert\u00e9 pour toute la nation.Leral<\/p>\n","protected":false},"excerpt":{"rendered":"<p>L\u2019ancien Premier ministre du S\u00e9n\u00e9gal, Mahammed Boun Abdallah Dionne, vient d\u2019\u00eatre nomm\u00e9 pr\u00e9sident du conseil d\u2019administration de la BICIS, banque<\/p>\n","protected":false},"author":1,"featured_media":10517,"comment_status":"open","ping_status":"open","sticky":false,"template":"","format":"standard","meta":{"footnotes":""},"categories":[6],"tags":[],"class_list":["post-11328","post","type-post","status-publish","format-standard","has-post-thumbnail","hentry","category-politics"],"_links":{"self":[{"href":"https:\/\/dekkbi.com\/index.php?rest_route=\/wp\/v2\/posts\/11328","targetHints":{"allow":["GET"]}}],"collection":[{"href":"https:\/\/dekkbi.com\/index.php?rest_route=\/wp\/v2\/posts"}],"about":[{"href":"https:\/\/dekkbi.com\/index.php?rest_route=\/wp\/v2\/types\/post"}],"author":[{"embeddable":true,"href":"https:\/\/dekkbi.com\/index.php?rest_route=\/wp\/v2\/users\/1"}],"replies":[{"embeddable":true,"href":"https:\/\/dekkbi.com\/index.php?rest_route=%2Fwp%2Fv2%2Fcomments&post=11328"}],"version-history":[{"count":1,"href":"https:\/\/dekkbi.com\/index.php?rest_route=\/wp\/v2\/posts\/11328\/revisions"}],"predecessor-version":[{"id":11329,"href":"https:\/\/dekkbi.com\/index.php?rest_route=\/wp\/v2\/posts\/11328\/revisions\/11329"}],"wp:featuredmedia":[{"embeddable":true,"href":"https:\/\/dekkbi.com\/index.php?rest_route=\/wp\/v2\/media\/10517"}],"wp:attachment":[{"href":"https:\/\/dekkbi.com\/index.php?rest_route=%2Fwp%2Fv2%2Fmedia&parent=11328"}],"wp:term":[{"taxonomy":"category","embeddable":true,"href":"https:\/\/dekkbi.com\/index.php?rest_route=%2Fwp%2Fv2%2Fcategories&post=11328"},{"taxonomy":"post_tag","embeddable":true,"href":"https:\/\/dekkbi.com\/index.php?rest_route=%2Fwp%2Fv2%2Ftags&post=11328"}],"curies":[{"name":"wp","href":"https:\/\/api.w.org\/{rel}","templated":true}]}}