{"id":11311,"date":"2023-04-30T20:13:07","date_gmt":"2023-04-30T20:13:07","guid":{"rendered":"https:\/\/dekkbi.com\/?p=11311"},"modified":"2023-04-30T20:13:08","modified_gmt":"2023-04-30T20:13:08","slug":"funerailles-de-mame-less-camara-la-nation-a-rendu-un-vibrant-hommage-au-defunt-journaliste","status":"publish","type":"post","link":"https:\/\/dekkbi.com\/?p=11311","title":{"rendered":"Fun\u00e9railles de Mame Less Camara: La Nation a rendu un vibrant hommage au d\u00e9funt journaliste"},"content":{"rendered":"\n<p>Les fun\u00e9railles de feu Mame Less Camara ont eu lieu ce matin, au cimeti\u00e8re de Yoff. Sa famille, ses amis, ses coll\u00e8gues ainsi que les \u00e9tudiants qu&rsquo;il avait form\u00e9s au Cesti \u00e9taient pr\u00e9sents pour assister \u00e0 la lev\u00e9e du corps.Ainsi, les commentaires sont unanimes. Mame Less \u00e9tait de son vivant, une personne humble et digne qui s&rsquo;est toujours battue pour les droits humains. Lors de la c\u00e9r\u00e9monie de lev\u00e9e du corps, la Nation lui a rendu un vibrant hommage \u00e0 travers les t\u00e9moignages de ceux qui ont connu et appr\u00e9ci\u00e9 sa personnalit\u00e9.\u00c0 cette occasion, Abou Diallo, membre de la soci\u00e9t\u00e9, a demand\u00e9 au pr\u00e9sident de rendre hommage au d\u00e9funt en donnant son nom au Cesti.Ousmane Wade<\/p>\n","protected":false},"excerpt":{"rendered":"<p>Les fun\u00e9railles de feu Mame Less Camara ont eu lieu ce matin, au cimeti\u00e8re de Yoff. Sa famille, ses amis,<\/p>\n","protected":false},"author":1,"featured_media":11312,"comment_status":"open","ping_status":"open","sticky":false,"template":"","format":"standard","meta":{"footnotes":""},"categories":[21],"tags":[],"class_list":["post-11311","post","type-post","status-publish","format-standard","has-post-thumbnail","hentry","category-societe"],"_links":{"self":[{"href":"https:\/\/dekkbi.com\/index.php?rest_route=\/wp\/v2\/posts\/11311","targetHints":{"allow":["GET"]}}],"collection":[{"href":"https:\/\/dekkbi.com\/index.php?rest_route=\/wp\/v2\/posts"}],"about":[{"href":"https:\/\/dekkbi.com\/index.php?rest_route=\/wp\/v2\/types\/post"}],"author":[{"embeddable":true,"href":"https:\/\/dekkbi.com\/index.php?rest_route=\/wp\/v2\/users\/1"}],"replies":[{"embeddable":true,"href":"https:\/\/dekkbi.com\/index.php?rest_route=%2Fwp%2Fv2%2Fcomments&post=11311"}],"version-history":[{"count":1,"href":"https:\/\/dekkbi.com\/index.php?rest_route=\/wp\/v2\/posts\/11311\/revisions"}],"predecessor-version":[{"id":11313,"href":"https:\/\/dekkbi.com\/index.php?rest_route=\/wp\/v2\/posts\/11311\/revisions\/11313"}],"wp:featuredmedia":[{"embeddable":true,"href":"https:\/\/dekkbi.com\/index.php?rest_route=\/wp\/v2\/media\/11312"}],"wp:attachment":[{"href":"https:\/\/dekkbi.com\/index.php?rest_route=%2Fwp%2Fv2%2Fmedia&parent=11311"}],"wp:term":[{"taxonomy":"category","embeddable":true,"href":"https:\/\/dekkbi.com\/index.php?rest_route=%2Fwp%2Fv2%2Fcategories&post=11311"},{"taxonomy":"post_tag","embeddable":true,"href":"https:\/\/dekkbi.com\/index.php?rest_route=%2Fwp%2Fv2%2Ftags&post=11311"}],"curies":[{"name":"wp","href":"https:\/\/api.w.org\/{rel}","templated":true}]}}