{"id":11289,"date":"2023-04-29T11:22:50","date_gmt":"2023-04-29T11:22:50","guid":{"rendered":"https:\/\/dekkbi.com\/?p=11289"},"modified":"2023-04-29T11:22:51","modified_gmt":"2023-04-29T11:22:51","slug":"pourquoi-paris-veut-il-abandonner-les-gratte-ciel","status":"publish","type":"post","link":"https:\/\/dekkbi.com\/?p=11289","title":{"rendered":"Pourquoi Paris veut-il abandonner les gratte-ciel"},"content":{"rendered":"\n<p>.La capitale fran\u00e7aise veut stopper la \u00ab conqu\u00eate des hauteurs \u00bb, de plus en plus consid\u00e9r\u00e9e comme un non-sens \u00e9cologique.<\/p>\n\n\n\n<p>Paris est plus connue pour ses immeubles haussmanniens que pour ses gratte-ciel. Pourtant, la derni\u00e8re d\u00e9cennie a vu les tours se multiplier dans certains quartiers. C\u2019est \u00e0 cette densification verticale que la capitale dit maintenant non, pour des raisons surtout \u00e9cologiques.<div>Contrairement \u00e0 plusieurs villes nord-am\u00e9ricaines, Paris n\u2019a jamais \u00e9t\u00e9 une capitale de gratte-ciel. Or, au tournant des ann\u00e9es 2010, la capitale fran\u00e7aise commence \u00e0 se laisser tenter par la hauteur, per\u00e7ue comme un symbole de modernit\u00e9.<\/div><div>\u00ab\u00a0Elles sont obsol\u00e8tes\u00a0\u00bb, constate aujourd\u2019hui Corine Faugeron. \u00ab\u00a0Le but, c\u2019est que ce soit la fin des tours \u00e0 Paris.\u00a0\u00bbL\u2019\u00e9lue parisienne nous rencontre \u00e0 quelques pas du chantier de la tour Triangle : un immeuble de 44 \u00e9tages, le dernier de la sorte \u00e0 \u00eatre autoris\u00e9s dans Paris m\u00eame.<\/div><div>La conseill\u00e8re \u00e9cologiste fait partie de ceux qui ont milit\u00e9 pour limiter la hauteur des b\u00e2timents parisiens \u00e0 37 m\u00e8tres, soit environ une dizaine d\u2019\u00e9tages. La mesure est pass\u00e9e dans le prochain projet de loi d\u2019urbanisme de Paris. \u00ab\u00a0Une vraie victoire politique\u00a0\u00bb, se f\u00e9licite-t-elle.<\/div><\/p>\n\n\n\n<p><\/p>\n","protected":false},"excerpt":{"rendered":"<p>.La capitale fran\u00e7aise veut stopper la \u00ab conqu\u00eate des hauteurs \u00bb, de plus en plus consid\u00e9r\u00e9e comme un non-sens \u00e9cologique.<\/p>\n","protected":false},"author":1,"featured_media":11290,"comment_status":"open","ping_status":"open","sticky":false,"template":"","format":"standard","meta":{"footnotes":""},"categories":[26],"tags":[],"class_list":["post-11289","post","type-post","status-publish","format-standard","has-post-thumbnail","hentry","category-fait-divers"],"_links":{"self":[{"href":"https:\/\/dekkbi.com\/index.php?rest_route=\/wp\/v2\/posts\/11289","targetHints":{"allow":["GET"]}}],"collection":[{"href":"https:\/\/dekkbi.com\/index.php?rest_route=\/wp\/v2\/posts"}],"about":[{"href":"https:\/\/dekkbi.com\/index.php?rest_route=\/wp\/v2\/types\/post"}],"author":[{"embeddable":true,"href":"https:\/\/dekkbi.com\/index.php?rest_route=\/wp\/v2\/users\/1"}],"replies":[{"embeddable":true,"href":"https:\/\/dekkbi.com\/index.php?rest_route=%2Fwp%2Fv2%2Fcomments&post=11289"}],"version-history":[{"count":1,"href":"https:\/\/dekkbi.com\/index.php?rest_route=\/wp\/v2\/posts\/11289\/revisions"}],"predecessor-version":[{"id":11291,"href":"https:\/\/dekkbi.com\/index.php?rest_route=\/wp\/v2\/posts\/11289\/revisions\/11291"}],"wp:featuredmedia":[{"embeddable":true,"href":"https:\/\/dekkbi.com\/index.php?rest_route=\/wp\/v2\/media\/11290"}],"wp:attachment":[{"href":"https:\/\/dekkbi.com\/index.php?rest_route=%2Fwp%2Fv2%2Fmedia&parent=11289"}],"wp:term":[{"taxonomy":"category","embeddable":true,"href":"https:\/\/dekkbi.com\/index.php?rest_route=%2Fwp%2Fv2%2Fcategories&post=11289"},{"taxonomy":"post_tag","embeddable":true,"href":"https:\/\/dekkbi.com\/index.php?rest_route=%2Fwp%2Fv2%2Ftags&post=11289"}],"curies":[{"name":"wp","href":"https:\/\/api.w.org\/{rel}","templated":true}]}}