{"id":11281,"date":"2023-04-29T11:05:48","date_gmt":"2023-04-29T11:05:48","guid":{"rendered":"https:\/\/dekkbi.com\/?p=11281"},"modified":"2023-04-29T11:05:49","modified_gmt":"2023-04-29T11:05:49","slug":"dette-fitch-abaisse-la-note-de-la-france-dun-cran-a-aa","status":"publish","type":"post","link":"https:\/\/dekkbi.com\/?p=11281","title":{"rendered":"Dette: Fitch abaisse la note de la France d&rsquo;un cran, \u00e0 \u00abAA-\u00bb"},"content":{"rendered":"\n<p>L&rsquo;agence Fitch a abaiss\u00e9 ce vendredi la note fran\u00e7aise d&rsquo;un cran, invoquant les fortes tensions sociales \u00e0 l&rsquo;\u0153uvre autour de la r\u00e9forme des retraites.<\/p>\n\n\n\n<p>C&rsquo;est un coup pour l&rsquo;\u00e9conomie fran\u00e7aise, mais aussi pour le gouvernement. L&rsquo;agence de notation financi\u00e8re internationale Fitch a d\u00e9grad\u00e9 d&rsquo;un cran la note de la France vendredi 28 avril. En cause, \u00ab l&rsquo;impasse politique et les mouvements sociaux (parfois violents) qui constituent un risque pour le programme de r\u00e9formes de Macron \u00bb, \u00e9crit l&rsquo;agence de notation dans un communiqu\u00e9 qui a annonc\u00e9 la d\u00e9gradation de la note fran\u00e7aise d&rsquo;un cran, \u00e0 \u00ab AA- \u00bb, contre \u00ab AA \u00bb pr\u00e9c\u00e9demment.<\/p>\n","protected":false},"excerpt":{"rendered":"<p>L&rsquo;agence Fitch a abaiss\u00e9 ce vendredi la note fran\u00e7aise d&rsquo;un cran, invoquant les fortes tensions sociales \u00e0 l&rsquo;\u0153uvre autour de<\/p>\n","protected":false},"author":1,"featured_media":11282,"comment_status":"open","ping_status":"open","sticky":false,"template":"","format":"standard","meta":{"footnotes":""},"categories":[3],"tags":[],"class_list":["post-11281","post","type-post","status-publish","format-standard","has-post-thumbnail","hentry","category-event-more-news"],"_links":{"self":[{"href":"https:\/\/dekkbi.com\/index.php?rest_route=\/wp\/v2\/posts\/11281","targetHints":{"allow":["GET"]}}],"collection":[{"href":"https:\/\/dekkbi.com\/index.php?rest_route=\/wp\/v2\/posts"}],"about":[{"href":"https:\/\/dekkbi.com\/index.php?rest_route=\/wp\/v2\/types\/post"}],"author":[{"embeddable":true,"href":"https:\/\/dekkbi.com\/index.php?rest_route=\/wp\/v2\/users\/1"}],"replies":[{"embeddable":true,"href":"https:\/\/dekkbi.com\/index.php?rest_route=%2Fwp%2Fv2%2Fcomments&post=11281"}],"version-history":[{"count":1,"href":"https:\/\/dekkbi.com\/index.php?rest_route=\/wp\/v2\/posts\/11281\/revisions"}],"predecessor-version":[{"id":11283,"href":"https:\/\/dekkbi.com\/index.php?rest_route=\/wp\/v2\/posts\/11281\/revisions\/11283"}],"wp:featuredmedia":[{"embeddable":true,"href":"https:\/\/dekkbi.com\/index.php?rest_route=\/wp\/v2\/media\/11282"}],"wp:attachment":[{"href":"https:\/\/dekkbi.com\/index.php?rest_route=%2Fwp%2Fv2%2Fmedia&parent=11281"}],"wp:term":[{"taxonomy":"category","embeddable":true,"href":"https:\/\/dekkbi.com\/index.php?rest_route=%2Fwp%2Fv2%2Fcategories&post=11281"},{"taxonomy":"post_tag","embeddable":true,"href":"https:\/\/dekkbi.com\/index.php?rest_route=%2Fwp%2Fv2%2Ftags&post=11281"}],"curies":[{"name":"wp","href":"https:\/\/api.w.org\/{rel}","templated":true}]}}