{"id":11263,"date":"2023-04-29T08:35:32","date_gmt":"2023-04-29T08:35:32","guid":{"rendered":"https:\/\/dekkbi.com\/?p=11263"},"modified":"2023-04-29T08:35:33","modified_gmt":"2023-04-29T08:35:33","slug":"proces-pour-viols-sonko-face-a-adji-sarr-le-16-mai","status":"publish","type":"post","link":"https:\/\/dekkbi.com\/?p=11263","title":{"rendered":"Proc\u00e8s pour viols : Sonko face \u00e0 Adji Sarr le 16 mai"},"content":{"rendered":"\n<p>Finalement, c\u2019est act\u00e9 : Sonko sera jug\u00e9 le 16 mai par la Chambre criminelle pour des viols pr\u00e9sum\u00e9s sur Adji Sarr. Durant ce  mois de mai, son avenir politique aussi est en jeu.C\u2019est un mois de Mai de tous les dangers pour Sonko. Alors que son proc\u00e8s en appel pour diffamation face \u00e0 Mame Mbaye Niang est fix\u00e9 au 8 mai prochain, Ousmane Sonko sera jug\u00e9 le 16 mai par la Chambre criminelle pour viol et menace de mort sur la masseuse Adji Sarr. C\u2019est l\u2019aboutissement de l\u2019affaire Sweet Beaut\u00e9, qui a pris en haleine le pays depuis plus de deux ans. S\u2019il avait boycott\u00e9 son proc\u00e8s pour diffamation pour lequel il a \u00e9t\u00e9 condamn\u00e9 \u00e0 2 mois avec sursis et \u00e0 200 millions de dommages et int\u00e9r\u00eats, cette fois-ci il sera oblig\u00e9 de se rendre au Tribunal.En suivant le r\u00e9quisitoire du procureur de la R\u00e9publique, le doyen des juges Oumar Maham Diallo avait depuis janvier de renvoyer le leader de Pastef en jugement devant la chambre criminelle. L\u2019enr\u00f4lement du dossier avait \u00e9t\u00e9 retard\u00e9 par les recours introduits par les avocats de la d\u00e9fense. Ils avaient saisi la Chambre d\u2019accusation aux fins d\u2019annulation de l\u2019ordonnance de renvoi du Doyen des Juges. Apr\u00e8s le rejet de la requ\u00eate, le pourvoi en cassation d\u00e9pos\u00e9 sur la table de la Cour Supr\u00eame a \u00e9t\u00e9 rejet\u00e9 en d\u00e9but de semaine.En plus du maire de Ziguinchor, Nd\u00e8ye Khady Ndiaye, propri\u00e9taire du salon de massage o\u00f9 Adji Sarr aurait \u00e9t\u00e9 viol\u00e9e \u00e0 plusieurs reprises, est poursuivie pour incitation \u00e0 la d\u00e9bauche, diffusion d\u2019images contraires aux bonnes m\u0153urs et complicit\u00e9 de viol.<\/p>\n\n\n\n<p>LEQUOTIDIEN<\/p>\n","protected":false},"excerpt":{"rendered":"<p>Finalement, c\u2019est act\u00e9 : Sonko sera jug\u00e9 le 16 mai par la Chambre criminelle pour des viols pr\u00e9sum\u00e9s sur Adji<\/p>\n","protected":false},"author":1,"featured_media":10933,"comment_status":"open","ping_status":"open","sticky":false,"template":"","format":"standard","meta":{"footnotes":""},"categories":[26],"tags":[],"class_list":["post-11263","post","type-post","status-publish","format-standard","has-post-thumbnail","hentry","category-fait-divers"],"_links":{"self":[{"href":"https:\/\/dekkbi.com\/index.php?rest_route=\/wp\/v2\/posts\/11263","targetHints":{"allow":["GET"]}}],"collection":[{"href":"https:\/\/dekkbi.com\/index.php?rest_route=\/wp\/v2\/posts"}],"about":[{"href":"https:\/\/dekkbi.com\/index.php?rest_route=\/wp\/v2\/types\/post"}],"author":[{"embeddable":true,"href":"https:\/\/dekkbi.com\/index.php?rest_route=\/wp\/v2\/users\/1"}],"replies":[{"embeddable":true,"href":"https:\/\/dekkbi.com\/index.php?rest_route=%2Fwp%2Fv2%2Fcomments&post=11263"}],"version-history":[{"count":1,"href":"https:\/\/dekkbi.com\/index.php?rest_route=\/wp\/v2\/posts\/11263\/revisions"}],"predecessor-version":[{"id":11264,"href":"https:\/\/dekkbi.com\/index.php?rest_route=\/wp\/v2\/posts\/11263\/revisions\/11264"}],"wp:featuredmedia":[{"embeddable":true,"href":"https:\/\/dekkbi.com\/index.php?rest_route=\/wp\/v2\/media\/10933"}],"wp:attachment":[{"href":"https:\/\/dekkbi.com\/index.php?rest_route=%2Fwp%2Fv2%2Fmedia&parent=11263"}],"wp:term":[{"taxonomy":"category","embeddable":true,"href":"https:\/\/dekkbi.com\/index.php?rest_route=%2Fwp%2Fv2%2Fcategories&post=11263"},{"taxonomy":"post_tag","embeddable":true,"href":"https:\/\/dekkbi.com\/index.php?rest_route=%2Fwp%2Fv2%2Ftags&post=11263"}],"curies":[{"name":"wp","href":"https:\/\/api.w.org\/{rel}","templated":true}]}}