{"id":11242,"date":"2023-04-28T16:50:55","date_gmt":"2023-04-28T16:50:55","guid":{"rendered":"https:\/\/dekkbi.com\/?p=11242"},"modified":"2023-04-28T16:50:56","modified_gmt":"2023-04-28T16:50:56","slug":"journee-des-accidentes-lassociation-nationale-des-accidentes-du-travail-et-leurs-ayants-droit-du-senegal-deposent-leurs-griefs","status":"publish","type":"post","link":"https:\/\/dekkbi.com\/?p=11242","title":{"rendered":"Journ\u00e9e des accident\u00e9s\u2026 : L\u2019Association nationale des accident\u00e9s du travail et leurs ayants droit du S\u00e9n\u00e9gal d\u00e9posent leurs griefs"},"content":{"rendered":"\n<p>Aujourd\u2019hui 28 avril est c\u00e9l\u00e9br\u00e9e la Journ\u00e9e des travailleurs morts, bless\u00e9s ou handicap\u00e9s au travail. Une occasion saisie par l\u2019Association nationale des accident\u00e9s du travail et leurs ayants droit (ANATAD) du S\u00e9n\u00e9gal pour mettre sur la table du gouvernement leurs revendications.<\/p>\n\n\n\n<p>Ainsi, par le biais de Mamadou Niang, elle tire la sonnette d\u2019alarme et alerte sur leurs difficiles conditions de vie.<\/p>\n\n\n\n<p>\u00abLes accident\u00e9s de travail ne sont pas contents. Ils sont perdus et savent plus vers qui se tourner\u00bb, d\u00e9clare-t-il.<\/p>\n\n\n\n<p>Sur les ondes d\u2019iRadio, le responsable de la communication et des revendications d\u2019ANATAD se d\u00e9sole du mutisme de l\u2019\u00c9tat. &nbsp;<\/p>\n\n\n\n<p>\u00abToutes les directives et instructions que nous avons eues \u00e0 donner aux ministres, aux chefs de cabinet n\u2019ont pas \u00e9t\u00e9 suivies. Il y a eu plus de trois conseils des ministres. Cependant, rien n\u2019a \u00e9t\u00e9 pris en compte. Ce que nous regrettons\u00bb. &nbsp;<\/p>\n\n\n\n<p>C\u2019est pourquoi, poursuit-il, \u00abnous leur demandons de penser \u00e0 ces accident\u00e9s et handicap\u00e9s qui sont d\u00e9sempar\u00e9s, qui sont dans la rue en train de mendier. Sans oublier qu&rsquo;ils sont dans l\u2019attente d\u2019une r\u00e9solution depuis 2008\u00bb, rappelle-t-il.<\/p>\n\n\n\n<p>Par ailleurs, les membres de l\u2019association et leurs ayants droit du S\u00e9n\u00e9gal exhortent le pr\u00e9sident de la R\u00e9publique\u00a0 \u00e0 penser \u00e0 cette journ\u00e9e de l\u2019accident afin de les aider dans la r\u00e9volution de leurs griefs.<\/p>\n\n\n\n<p>Source &#8211; seneweb<\/p>\n","protected":false},"excerpt":{"rendered":"<p>Aujourd\u2019hui 28 avril est c\u00e9l\u00e9br\u00e9e la Journ\u00e9e des travailleurs morts, bless\u00e9s ou handicap\u00e9s au travail. Une occasion saisie par l\u2019Association<\/p>\n","protected":false},"author":1,"featured_media":11243,"comment_status":"open","ping_status":"open","sticky":false,"template":"","format":"standard","meta":{"footnotes":""},"categories":[21],"tags":[],"class_list":["post-11242","post","type-post","status-publish","format-standard","has-post-thumbnail","hentry","category-societe"],"_links":{"self":[{"href":"https:\/\/dekkbi.com\/index.php?rest_route=\/wp\/v2\/posts\/11242","targetHints":{"allow":["GET"]}}],"collection":[{"href":"https:\/\/dekkbi.com\/index.php?rest_route=\/wp\/v2\/posts"}],"about":[{"href":"https:\/\/dekkbi.com\/index.php?rest_route=\/wp\/v2\/types\/post"}],"author":[{"embeddable":true,"href":"https:\/\/dekkbi.com\/index.php?rest_route=\/wp\/v2\/users\/1"}],"replies":[{"embeddable":true,"href":"https:\/\/dekkbi.com\/index.php?rest_route=%2Fwp%2Fv2%2Fcomments&post=11242"}],"version-history":[{"count":1,"href":"https:\/\/dekkbi.com\/index.php?rest_route=\/wp\/v2\/posts\/11242\/revisions"}],"predecessor-version":[{"id":11244,"href":"https:\/\/dekkbi.com\/index.php?rest_route=\/wp\/v2\/posts\/11242\/revisions\/11244"}],"wp:featuredmedia":[{"embeddable":true,"href":"https:\/\/dekkbi.com\/index.php?rest_route=\/wp\/v2\/media\/11243"}],"wp:attachment":[{"href":"https:\/\/dekkbi.com\/index.php?rest_route=%2Fwp%2Fv2%2Fmedia&parent=11242"}],"wp:term":[{"taxonomy":"category","embeddable":true,"href":"https:\/\/dekkbi.com\/index.php?rest_route=%2Fwp%2Fv2%2Fcategories&post=11242"},{"taxonomy":"post_tag","embeddable":true,"href":"https:\/\/dekkbi.com\/index.php?rest_route=%2Fwp%2Fv2%2Ftags&post=11242"}],"curies":[{"name":"wp","href":"https:\/\/api.w.org\/{rel}","templated":true}]}}