{"id":11184,"date":"2023-04-28T11:47:02","date_gmt":"2023-04-28T11:47:02","guid":{"rendered":"https:\/\/dekkbi.com\/?p=11184"},"modified":"2023-04-28T12:15:27","modified_gmt":"2023-04-28T12:15:27","slug":"thies-bilal-sow-age-de-14-ans-retrouve-mort-chez-lui-a-silmang-sa-famille-ecarte-le-suicide","status":"publish","type":"post","link":"https:\/\/dekkbi.com\/?p=11184","title":{"rendered":"Thi\u00e8s \u2013 Bilal Sow, \u00e2g\u00e9 de 14 ans, retrouv\u00e9 mort chez lui : Sa famille \u00e9carte le suicide"},"content":{"rendered":"\n<p><strong>Le d\u00e9c\u00e8s de Bilal Sow, 14 ans, connu au quartier Silmang de Thi\u00e8s pour son assiduit\u00e9 \u00e0 la mosqu\u00e9e et ses appels \u00e0 la pri\u00e8re en d\u00e9pit de son \u00e2ge, suscite des commentaires. En attendant les r\u00e9sultats de l\u2019autopsie et de l\u2019enqu\u00eate judiciaire, sa famille \u00e9carte \u00e9videmment la th\u00e8se du suicide.<\/strong><\/p>\n\n\n\n<p><strong>Par Cheikh CAMARA \u2013&nbsp;<\/strong>L\u2019\u00e9l\u00e8ve en classe de Cm2 dans une \u00e9cole \u00e9l\u00e9mentaire de la commune Thi\u00e8s-Est, Bilal Sow, un jeune de 14 ans retrouv\u00e9 mort \u00e0 son domicile, au quartier Silmang, sur la route de Tassette, ne se serait pas donn\u00e9 la mort par pendaison, tel qu\u2019on l\u2019aurait cru. Beaucoup de supputations entourent son d\u00e9c\u00e8s, ce qui, du coup, a amen\u00e9 une de ses tantes maternelles \u00e0 r\u00e9agir. La dame en question a d\u2019abord tenu \u00e0 s\u2019offusquer du fait que \u00abde nos jours, quand un quelconque fait se produit, les gens se bousculent \u00e0 la porte des contrev\u00e9rit\u00e9s pour inventer et raconter du n\u2019importe quoi, sans pour autant craindre Dieu dans les actes qu\u2019ils posent\u00bb. La tante de la victime rappelle aux uns et aux autres qu\u2019\u00abun jour, chacun rendra compte devant Allah de ses actes\u00bb. Dans de pareilles circonstances, regrette-t-elle, \u00abchacun y va de son commentaire\u00bb. Mais elle a jur\u00e9 que \u00abl\u2019enfant a \u00e9t\u00e9 retrouv\u00e9 mort de la fa\u00e7on la plus naturelle du monde\u00bb. Et de souligner&nbsp;: \u00abC\u2019est un enfant, c\u2019est vrai, mais il \u00e9tait aim\u00e9 et estim\u00e9 dans tout le voisinage du fait sa pi\u00e9t\u00e9 exemplaire. M\u00eame jeune, il se comptait parmi les Bilal (muezzin) de la mosqu\u00e9e du coin. Et \u00e0 chaque fois, \u00e0 l\u2019heure de la pri\u00e8re, quand il montait sur le minaret, les fid\u00e8les \u00e9taient \u00e9mus du fait de sa voix mielleuse.\u00bb Son ma\u00eetre \u00e0 l\u2019\u00e9cole \u00e9l\u00e9mentaire, entour\u00e9 de plusieurs de ses \u00e9l\u00e8ves, dit avoir appris la nouvelle avec beaucoup de tristesse. Il raconte qu\u2019\u00ab\u00e0 l\u2019\u00e9cole, l\u2019enfant avait une conduite exemplaire. Il \u00e9tait toujours enchant\u00e9, jovial, avec toujours une bonne mine\u00bb. Il dit le conna\u00eetre assez bien pour l\u2019avoir eu en classes de Ce2 et de Cm2. Surtout, il se rappelle n\u2019avoir jamais remarqu\u00e9 dans son comportement de tous les jours, \u00abla moindre attitude incorrecte\u00bb, car \u00abil \u00e9tait poli, serein\u00bb. Il dit s\u2019en remettre \u00e0 Dieu et attend les conclusions de l\u2019enqu\u00eate des autorit\u00e9s comp\u00e9tentes pour se faire une id\u00e9e exacte sur les causes dudit d\u00e9c\u00e8s. Le corps sans vie du jeune Bilal Sow a \u00e9t\u00e9 d\u00e9pos\u00e9 \u00e0 la morgue du Centre hospitalier r\u00e9gional Ahmadou Sakhir Ndi\u00e8gu\u00e8ne de Thi\u00e8s.<\/p>\n\n\n\n<p>Source &#8211; lequotidien<\/p>\n","protected":false},"excerpt":{"rendered":"<p>Le d\u00e9c\u00e8s de Bilal Sow, 14 ans, connu au quartier Silmang de Thi\u00e8s pour son assiduit\u00e9 \u00e0 la mosqu\u00e9e et<\/p>\n","protected":false},"author":1,"featured_media":11185,"comment_status":"open","ping_status":"open","sticky":false,"template":"","format":"standard","meta":{"footnotes":""},"categories":[26],"tags":[],"class_list":["post-11184","post","type-post","status-publish","format-standard","has-post-thumbnail","hentry","category-fait-divers"],"_links":{"self":[{"href":"https:\/\/dekkbi.com\/index.php?rest_route=\/wp\/v2\/posts\/11184","targetHints":{"allow":["GET"]}}],"collection":[{"href":"https:\/\/dekkbi.com\/index.php?rest_route=\/wp\/v2\/posts"}],"about":[{"href":"https:\/\/dekkbi.com\/index.php?rest_route=\/wp\/v2\/types\/post"}],"author":[{"embeddable":true,"href":"https:\/\/dekkbi.com\/index.php?rest_route=\/wp\/v2\/users\/1"}],"replies":[{"embeddable":true,"href":"https:\/\/dekkbi.com\/index.php?rest_route=%2Fwp%2Fv2%2Fcomments&post=11184"}],"version-history":[{"count":2,"href":"https:\/\/dekkbi.com\/index.php?rest_route=\/wp\/v2\/posts\/11184\/revisions"}],"predecessor-version":[{"id":11201,"href":"https:\/\/dekkbi.com\/index.php?rest_route=\/wp\/v2\/posts\/11184\/revisions\/11201"}],"wp:featuredmedia":[{"embeddable":true,"href":"https:\/\/dekkbi.com\/index.php?rest_route=\/wp\/v2\/media\/11185"}],"wp:attachment":[{"href":"https:\/\/dekkbi.com\/index.php?rest_route=%2Fwp%2Fv2%2Fmedia&parent=11184"}],"wp:term":[{"taxonomy":"category","embeddable":true,"href":"https:\/\/dekkbi.com\/index.php?rest_route=%2Fwp%2Fv2%2Fcategories&post=11184"},{"taxonomy":"post_tag","embeddable":true,"href":"https:\/\/dekkbi.com\/index.php?rest_route=%2Fwp%2Fv2%2Ftags&post=11184"}],"curies":[{"name":"wp","href":"https:\/\/api.w.org\/{rel}","templated":true}]}}