{"id":11172,"date":"2023-04-28T12:00:55","date_gmt":"2023-04-28T12:00:55","guid":{"rendered":"https:\/\/dekkbi.com\/?p=11172"},"modified":"2023-04-28T12:00:56","modified_gmt":"2023-04-28T12:00:56","slug":"mayotte-wuambushu-continuera-le-temps-quil-faudra-selon-darmanin","status":"publish","type":"post","link":"https:\/\/dekkbi.com\/?p=11172","title":{"rendered":"Mayotte: Wuambushu \u00ab\u00a0continuera le temps qu&rsquo;il faudra\u00a0\u00bb, selon Darmanin"},"content":{"rendered":"\n<p><a href=\"https:\/\/www.addthis.com\/bookmark.php?v=300\"><\/a><a href=\"https:\/\/www.addthis.com\/bookmark.php?v=300\"><\/a><a rel=\"noreferrer noopener\" href=\"https:\/\/www.addthis.com\/bookmark.php?v=300\" target=\"_blank\"><\/a><a rel=\"noreferrer noopener\" href=\"https:\/\/www.addthis.com\/bookmark.php?v=300\" target=\"_blank\"><\/a>G\u00e9rald Darmanin a affirm\u00e9 vendredi qu&rsquo;il n&rsquo;y avait \u00ab\u00a0pas de date\u00a0\u00bb de fin de l&rsquo;op\u00e9ration Wuambushu, qui \u00ab\u00a0continuera le temps qu&rsquo;il faudra\u00a0\u00bb pour que \u00ab\u00a0Mayotte redevienne une \u00eele normale, classique et magnifique\u00a0\u00bb.<\/p>\n\n\n\n<p>\u00ab\u00a0On laissera le nombre de policiers et de gendarmes qu&rsquo;il faut\u00a0\u00bb, a ajout\u00e9 sur Europe 1 le ministre de l&rsquo;Int\u00e9rieur.<\/p>\n\n\n\n<p>Il s&rsquo;est f\u00e9licit\u00e9 que \u00ab\u00a0depuis trois jours &#8211; premi\u00e8re fois dans l&rsquo;histoire de la R\u00e9publique &#8211; il n&rsquo;y avait plus de kwassa kwassa\u00a0\u00bb, ces petites embarcations \u00e0 moteur utilis\u00e9es par les migrants ill\u00e9gaux venus des Comores pour rallier Mayotte.<\/p>\n\n\n\n<p>\u00ab\u00a0Il n&rsquo;y a plus de passeurs et il n&rsquo;y a plus de +kwassa kwassa+ qui partent des Comores vers Mayotte\u00a0\u00bb, a-t-il insist\u00e9.<\/p>\n\n\n\n<p>L&rsquo;op\u00e9ration s\u00e9curitaire Wuambushu (\u00ab\u00a0reprise\u00a0\u00bb en mahorais) se d\u00e9roule depuis le d\u00e9but dans une certaine confusion sur la reprise des expulsions, accentu\u00e9e jeudi par la d\u00e9cision de la compagnie maritime SGTM de ne pas assurer les travers\u00e9es \u00ab\u00a0jusqu&rsquo;\u00e0 nouvel ordre\u00a0\u00bb entre Mayotte et l&rsquo;\u00eele comorienne d&rsquo;Anjouan, malgr\u00e9 la r\u00e9ouverture des ports des Comores.<\/p>\n\n\n\n<p>Le ministre a fait valoir que les reconduites d&rsquo;immigr\u00e9s clandestins se poursuivaient n\u00e9anmoins. \u00ab\u00a0Des Srilankais, des Malgaches et des Africains des Grands Lacs\u00a0\u00bb ont \u00e9t\u00e9 renvoy\u00e9s dans leur pays ces derniers jours, a-t-il dit.<\/p>\n\n\n\n<p>S&rsquo;agissant des d\u00e9molitions des \u00ab\u00a0bangas\u00a0\u00bb, les bidonvilles, G\u00e9rald Darmanin a affirm\u00e9 qu&rsquo;elles \u00e9taient \u00ab\u00a0permises\u00a0\u00bb, une seule ayant \u00e9t\u00e9 suspendue par d\u00e9cision judiciaire, celle de \u00ab\u00a0Talus 2\u00a0\u00bb.<\/p>\n\n\n\n<p>Il a d\u00e9fendu en outre l&rsquo;action de l&rsquo;Etat contre la d\u00e9linquance et la criminalit\u00e9 avec \u00ab\u00a015 interpellations d&rsquo;objectifs de la police judiciaire\u00a0\u00bb dans la nuit de jeudi \u00e0 vendredi. \u00ab\u00a0Nous avons d\u00e9j\u00e0 fait, a-t-il dit, 25 interpellations sur les 60 que nous devions faire de bandes criminelles que nous pr\u00e9sentons \u00e0 la justice, et cela en une semaine\u00a0\u00bb.<\/p>\n\n\n\n<p><a href=\"https:\/\/information.tv5monde.com\/auteur\/afp\">AFP<\/a><\/p>\n\n\n\n<p>\u00a9 2023 AFP<\/p>\n\n\n\n<p>Mise \u00e0 jour 28.04.2023 \u00e0 13:<\/p>\n","protected":false},"excerpt":{"rendered":"<p>G\u00e9rald Darmanin a affirm\u00e9 vendredi qu&rsquo;il n&rsquo;y avait \u00ab\u00a0pas de date\u00a0\u00bb de fin de l&rsquo;op\u00e9ration Wuambushu, qui \u00ab\u00a0continuera le temps<\/p>\n","protected":false},"author":1,"featured_media":11191,"comment_status":"open","ping_status":"open","sticky":false,"template":"","format":"standard","meta":{"footnotes":""},"categories":[51],"tags":[],"class_list":["post-11172","post","type-post","status-publish","format-standard","has-post-thumbnail","hentry","category-general"],"_links":{"self":[{"href":"https:\/\/dekkbi.com\/index.php?rest_route=\/wp\/v2\/posts\/11172","targetHints":{"allow":["GET"]}}],"collection":[{"href":"https:\/\/dekkbi.com\/index.php?rest_route=\/wp\/v2\/posts"}],"about":[{"href":"https:\/\/dekkbi.com\/index.php?rest_route=\/wp\/v2\/types\/post"}],"author":[{"embeddable":true,"href":"https:\/\/dekkbi.com\/index.php?rest_route=\/wp\/v2\/users\/1"}],"replies":[{"embeddable":true,"href":"https:\/\/dekkbi.com\/index.php?rest_route=%2Fwp%2Fv2%2Fcomments&post=11172"}],"version-history":[{"count":1,"href":"https:\/\/dekkbi.com\/index.php?rest_route=\/wp\/v2\/posts\/11172\/revisions"}],"predecessor-version":[{"id":11192,"href":"https:\/\/dekkbi.com\/index.php?rest_route=\/wp\/v2\/posts\/11172\/revisions\/11192"}],"wp:featuredmedia":[{"embeddable":true,"href":"https:\/\/dekkbi.com\/index.php?rest_route=\/wp\/v2\/media\/11191"}],"wp:attachment":[{"href":"https:\/\/dekkbi.com\/index.php?rest_route=%2Fwp%2Fv2%2Fmedia&parent=11172"}],"wp:term":[{"taxonomy":"category","embeddable":true,"href":"https:\/\/dekkbi.com\/index.php?rest_route=%2Fwp%2Fv2%2Fcategories&post=11172"},{"taxonomy":"post_tag","embeddable":true,"href":"https:\/\/dekkbi.com\/index.php?rest_route=%2Fwp%2Fv2%2Ftags&post=11172"}],"curies":[{"name":"wp","href":"https:\/\/api.w.org\/{rel}","templated":true}]}}