{"id":11163,"date":"2023-04-28T11:06:20","date_gmt":"2023-04-28T11:06:20","guid":{"rendered":"https:\/\/dekkbi.com\/?p=11163"},"modified":"2023-04-28T11:06:20","modified_gmt":"2023-04-28T11:06:20","slug":"diass-leur-vol-atterrit-aujourdhui-a-14h-30-a-laibd-letat-deroule-le-tapis-rouge-aux-9-tirailleurs-de-retour","status":"publish","type":"post","link":"https:\/\/dekkbi.com\/?p=11163","title":{"rendered":"Diass \u2013 Leur vol atterrit aujourd\u2019hui \u00e0 14h 30 \u00e0 l\u2019Aibd : L\u2019Etat d\u00e9roule le tapis rouge aux 9 tirailleurs de retour"},"content":{"rendered":"\n<p><strong>Re\u00e7us le 14 avril au Palais de l\u2019Elys\u00e9e par Emmanuel Macron, neuf anciens tirailleurs s\u00e9n\u00e9galais, \u00e2g\u00e9s de 85 \u00e0 96 ans, qui ont b\u00e9n\u00e9fici\u00e9 d\u2019une aide financi\u00e8re exceptionnelle de l\u2019Etat fran\u00e7ais pour financer leur voyage de retour et leur r\u00e9installation au S\u00e9n\u00e9gal, sont attendus aujourd\u2019hui \u00e0 14h 30 \u00e0 l\u2019Aibd. C\u2019est un retour aux sources, apr\u00e8s une vie pass\u00e9e en France.<\/strong><\/p>\n\n\n\n<p><strong>Par Ousmane SOW \u2013&nbsp;<\/strong>Apr\u00e8s les adieux \u00e0 la France qu\u2019ils ont servie, neuf anciens tirailleurs s\u00e9n\u00e9galais vont fouler ce vendredi le tarmac de l\u2019A\u00e9roport international Blaise Diagne. Ils vont atterrir \u00e0 14h 30 \u00e0 Diass. Apr\u00e8s avoir \u00e9t\u00e9 re\u00e7us le 14 avril dernier par Emmanuel Macron, ils auront droit \u00e0 un grand comit\u00e9 d\u2019accueil, car le S\u00e9n\u00e9gal a d\u00e9cid\u00e9 d\u2019en faire un \u00e9v\u00e8nement \u00e0 la hauteur de leur parcours. Yoro Diao (95 ans), Oumar Di\u00e9m\u00e9 (91 ans), ainsi que 7 autres tirailleurs s\u00e9n\u00e9galais seront accueillis par le ministre des Forces arm\u00e9es, de hautes autorit\u00e9s militaires et aussi de l\u2019ambassade de France \u00e0 Dakar.<\/p>\n\n\n\n<p>Ag\u00e9s entre 85 et 96 ans, ces anciens combattants rentrent au bercail, les neuf hommes entament un \u00abvoyage de retour permanent au S\u00e9n\u00e9\u00adgal\u00bb, apr\u00e8s une vie pass\u00e9e en France, qu\u2019ils ont servie comme soldats durant les guerres de d\u00e9colonisation, principalement en Indochine et en Alg\u00e9rie. Apr\u00e8s les avoir re\u00e7us, le Pr\u00e9sident fran\u00e7ais, Emmanuel Macron, avait \u00e9mis le souhait de les voir poursuivre, dans les \u00e9coles s\u00e9n\u00e9galaises, le travail m\u00e9moriel qu\u2019ils menaient dans les \u00e9tablissements scolaires fran\u00ad\u00e7ais.<\/p>\n\n\n\n<p><strong>Maintien de l\u2019allocation minimum vieillesse<\/strong><br>Pour faciliter leur retour, l\u2019Etat fran\u00e7ais a pris une mesure d\u00e9rogatoire qui leur permet de vivre en permanence dans leur pays d\u2019origine, sans perdre leur allocation minimum vieillesse. Avant cela, \u00abils avaient pour obligation de rester 6 mois par an en France pour continuer \u00e0 percevoir cette allocation minimum vieillesse d\u2019un montant de 950 euros par mois -allocation qui permettait notamment \u00e0 leurs familles rest\u00e9es au pays d\u2019avoir un minimum pour subvenir \u00e0 leurs besoins\u00bb, explique Fatou Biramah, porte-parole de l\u2019Association pour la m\u00e9moire et l\u2019histoire des tirailleurs s\u00e9n\u00e9galais, sur France 24.<\/p>\n\n\n\n<p>S\u2019ils sont 9 \u00e0 revenir chez eux, le secr\u00e9tariat aux Anciens combattants estime \u00e0 37 le nombre de \u00abtirailleurs s\u00e9n\u00e9galais\u00bb vivant en France. Cr\u00e9\u00e9 sous le Second Empire (1852-1870) et dissous au d\u00e9but des ann\u00e9es 1960, le corps fran\u00e7ais des \u00abTirailleurs s\u00e9n\u00e9galais\u00bb rassemblait des militaires n\u00e9s dans les anciennes colonies fran\u00e7aises en Afrique et enr\u00f4l\u00e9s dans l\u2019Arm\u00e9e fran\u00e7aise. Le terme a fini par d\u00e9signer l\u2019ensemble des soldats d\u2019Afrique subsaharienne qui se battaient sous le drapeau fran\u00e7ais, quel que soit leur pays d\u2019origine ou nationalit\u00e9. Ils ont particip\u00e9 \u00e0 la Seconde guerre mondiale et aux guerres de d\u00e9colonisation.<\/p>\n\n\n\n<p>Source &#8211; lequotidien<\/p>\n","protected":false},"excerpt":{"rendered":"<p>Re\u00e7us le 14 avril au Palais de l\u2019Elys\u00e9e par Emmanuel Macron, neuf anciens tirailleurs s\u00e9n\u00e9galais, \u00e2g\u00e9s de 85 \u00e0 96<\/p>\n","protected":false},"author":1,"featured_media":11165,"comment_status":"open","ping_status":"open","sticky":false,"template":"","format":"standard","meta":{"footnotes":""},"categories":[21],"tags":[],"class_list":["post-11163","post","type-post","status-publish","format-standard","has-post-thumbnail","hentry","category-societe"],"_links":{"self":[{"href":"https:\/\/dekkbi.com\/index.php?rest_route=\/wp\/v2\/posts\/11163","targetHints":{"allow":["GET"]}}],"collection":[{"href":"https:\/\/dekkbi.com\/index.php?rest_route=\/wp\/v2\/posts"}],"about":[{"href":"https:\/\/dekkbi.com\/index.php?rest_route=\/wp\/v2\/types\/post"}],"author":[{"embeddable":true,"href":"https:\/\/dekkbi.com\/index.php?rest_route=\/wp\/v2\/users\/1"}],"replies":[{"embeddable":true,"href":"https:\/\/dekkbi.com\/index.php?rest_route=%2Fwp%2Fv2%2Fcomments&post=11163"}],"version-history":[{"count":1,"href":"https:\/\/dekkbi.com\/index.php?rest_route=\/wp\/v2\/posts\/11163\/revisions"}],"predecessor-version":[{"id":11167,"href":"https:\/\/dekkbi.com\/index.php?rest_route=\/wp\/v2\/posts\/11163\/revisions\/11167"}],"wp:featuredmedia":[{"embeddable":true,"href":"https:\/\/dekkbi.com\/index.php?rest_route=\/wp\/v2\/media\/11165"}],"wp:attachment":[{"href":"https:\/\/dekkbi.com\/index.php?rest_route=%2Fwp%2Fv2%2Fmedia&parent=11163"}],"wp:term":[{"taxonomy":"category","embeddable":true,"href":"https:\/\/dekkbi.com\/index.php?rest_route=%2Fwp%2Fv2%2Fcategories&post=11163"},{"taxonomy":"post_tag","embeddable":true,"href":"https:\/\/dekkbi.com\/index.php?rest_route=%2Fwp%2Fv2%2Ftags&post=11163"}],"curies":[{"name":"wp","href":"https:\/\/api.w.org\/{rel}","templated":true}]}}