{"id":11073,"date":"2023-04-27T11:26:03","date_gmt":"2023-04-27T11:26:03","guid":{"rendered":"https:\/\/dekkbi.com\/?p=11073"},"modified":"2023-04-27T11:26:04","modified_gmt":"2023-04-27T11:26:04","slug":"a-95-ans-lheure-du-retour-au-pays-natal-pour-le-tirailleur-yoro-diao","status":"publish","type":"post","link":"https:\/\/dekkbi.com\/?p=11073","title":{"rendered":"A 95 ans, l\u2019heure du retour au pays natal pour le tirailleur Yoro Diao"},"content":{"rendered":"\n<p><strong>\u00ab\u00a0Nous rentrons chez nous pour vivre avec nos petits-enfants\u00a0\u00bb apr\u00e8s \u00ab\u00a0les affres de la guerre et de la vie\u00a0\u00bb: v\u00e9t\u00e9ran des guerres d&rsquo;Indochine et d&rsquo;Alg\u00e9rie au service de la France, Yoro Diao retourne d\u00e9finitivement au S\u00e9n\u00e9gal vendredi avec d&rsquo;autres tirailleurs, apr\u00e8s une bataille avec l&rsquo;administration fran\u00e7aise pour la reconnaissance de leurs \u00ab\u00a0sacrifices\u00a0\u00bb.<br><\/strong><br>A 95 ans, il n&rsquo;est plus oblig\u00e9 de passer au moins six mois par an en France, loin des siens, pour avoir droit \u00e0 sa pension.<br>\u00ab\u00a0C&rsquo;est une victoire !\u00a0\u00bb, lance-t-il \u00e0 l&rsquo;AFP depuis son studio dans un foyer \u00e0 Bondy, en r\u00e9gion parisienne. L&rsquo;effervescence et le chamboulement du grand d\u00e9part pour rentrer \u00e0 Kaolack (centre du S\u00e9n\u00e9gal) y sont palpables.<br>Il re\u00e7oit en impeccable costume, arborant \u00e0 l&rsquo;occasion ses nombreuses m\u00e9dailles militaires. Un regard et un sourire bienveillants adoucissent son visage \u00e9maci\u00e9.<br>Trois valises s&rsquo;entassent au sol, encombrant l&rsquo;espace entre son lit et un bureau d\u00e9bordant de dossiers administratifs.<br>Une autre valise a \u00e9t\u00e9 coinc\u00e9e sous son lit, pleine de photos de famille et de \u00ab\u00a0camarades\u00a0\u00bb anciens combattants, \u00ab\u00a0des souvenirs\u00a0\u00bb qu&rsquo;il regarde \u00e9mu, dont la c\u00e9r\u00e9monie o\u00f9 il a re\u00e7u la L\u00e9gion d&rsquo;honneur en 2017. \u00ab\u00a0C&rsquo;est le pr\u00e9sident Hollande qui devait me d\u00e9corer mais il n&rsquo;avait pas le temps, alors il a d\u00e9l\u00e9gu\u00e9 le pr\u00e9fet&#8230;\u00a0\u00bb, glisse-t-il avec malice.<br>Des pense-b\u00eates sont pos\u00e9s \u00e7a et l\u00e0 car sa m\u00e9moire lui joue des tours. Dans le stress, il a ainsi mis dans son container de d\u00e9m\u00e9nagement son passeport rang\u00e9 dans une veste&#8230;<\/p>\n\n\n\n<p><strong>&nbsp;\u00ab\u00a0N\u00e9gligence\u00a0\u00bb&nbsp;<\/strong><br>Le corps fran\u00e7ais des \u00ab\u00a0Tirailleurs s\u00e9n\u00e9galais\u00a0\u00bb, cr\u00e9\u00e9 sous le Second Empire (1852-1870) et dissous dans les ann\u00e9es 1960, rassemblait des militaires des anciennes colonies d&rsquo;Afrique. Le terme a fini par d\u00e9signer l&rsquo;ensemble des soldats d&rsquo;Afrique qui se battaient sous le drapeau fran\u00e7ais. Ils ont particip\u00e9 aux deux Guerres mondiales et aux guerres de d\u00e9colonisation.<br>Selon l&rsquo;Association pour la m\u00e9moire et l&rsquo;histoire des tirailleurs s\u00e9n\u00e9galais, 37 tirailleurs &#8211; tous d&rsquo;origine s\u00e9n\u00e9galaise, et ayant servi principalement en Indochine et en Alg\u00e9rie &#8211; vivent en France. Parmi eux, un premier groupe &#8211; M. Diao et huit autres, \u00e2g\u00e9s de 85 \u00e0 96 ans, &#8211; s&rsquo;envolera vendredi pour le S\u00e9n\u00e9gal.<br>Ce retour a \u00e9t\u00e9 rendu possible gr\u00e2ce \u00e0 une mesure d\u00e9rogatoire d\u00e9cid\u00e9e par le gouvernement fran\u00e7ais, qui leur permet de vivre en permanence dans leur pays d&rsquo;origine, sans perdre leur allocation minimum vieillesse de 950 euros par mois.<br>Une aide exceptionnelle de l&rsquo;Etat finance leur d\u00e9m\u00e9nagement, leur vol retour et leur r\u00e9installation.<br>Ces mesures sont les ultimes batailles men\u00e9es par A\u00efssata Seck, 43 ans, petite-fille d&rsquo;un tirailleur, et pr\u00e9sidente de l&rsquo;Association.<br>Cela fait dix ans qu&rsquo;elle lutte pour ces \u00ab\u00a0anciens\u00a0\u00bb. \u00ab\u00a0Choqu\u00e9e\u00a0\u00bb par leurs conditions de vie et leurs difficult\u00e9s souvent \u00ab\u00a0humiliantes\u00a0\u00bb dans leurs d\u00e9marches administratives.<br>\u00ab\u00a0Il y a eu n\u00e9gligence\u00a0\u00bb de l&rsquo;Etat \u00e0 leur \u00e9gard, mart\u00e8le la conseill\u00e8re r\u00e9gionale d&rsquo;Ile-de-France et conseill\u00e8re municipale \u00e0 Bondy, rappelant que la France n&rsquo;a lev\u00e9 qu&rsquo;en 2006 les mesures de gel qui bloquaient les pensions des anciens combattants coloniaux, contrairement \u00e0 celles des anciens combattants fran\u00e7ais qui \u00e9taient revaloris\u00e9es.<br>Elle lance en 2016 une p\u00e9tition et l&rsquo;ex-pr\u00e9sident Fran\u00e7ois Hollande accorde aux tirailleurs la nationalit\u00e9 fran\u00e7aise en 2017. Puis le gouvernement d&rsquo;Emmanuel Macron annonce d\u00e9but 2023 cette mesure d\u00e9rogatoire pour leur allocation.<br>\u00ab\u00a0J&rsquo;ai rien l\u00e2ch\u00e9\u00a0\u00bb pour rappeler leurs \u00ab\u00a0sacrifices\u00a0\u00bb, lance Mme Seck.<br>Engag\u00e9 volontaire dans l&rsquo;arm\u00e9e fran\u00e7aise par tradition familiale, Yoro Diao dit ainsi avoir \u00ab\u00a0donn\u00e9 sa jeunesse \u00e0 la France\u00a0\u00bb et avoir \u00e9t\u00e9 \u00ab\u00a0touch\u00e9 au moral\u00a0\u00bb par la perte au combat de compagnons d&rsquo;armes.<br>En particulier celle de son grand ami Fernand Lotier, un soldat fran\u00e7ais tu\u00e9 \u00e0 ses pieds en Indochine. \u00ab\u00a0Il a pris une balle en pleine poitrine; il m&rsquo;a dit +Yoro je vais mourir!, j&rsquo;ai dit +non Lotier quand m\u00eame!+ puis il m&rsquo;a montr\u00e9 sa blessure&#8230;\u00a0\u00bb<\/p>\n\n\n\n<p><strong>\u00a0\u00ab\u00a0Terrible\u00a0\u00bb Indochine, l&rsquo;Alg\u00e9rie\u00a0<\/strong><br>M. Diao raconte avec acuit\u00e9 l&rsquo;enfer de cette guerre d&rsquo;Indochine o\u00f9 il a pass\u00e9 trois ans \u00e0 partir de 1951, dans des \u00ab\u00a0pluies torrentielles\u00a0\u00bb, les \u00ab\u00a0animaux charognards qui mangeaient la chair humaine\u00a0\u00bb.<br>\u00ab\u00a0C&rsquo;\u00e9tait terrible&#8230; j&rsquo;\u00e9tais infirmier major, chef des brancardiers; (je transportais) les bless\u00e9s sous le feu de l&rsquo;ennemi; c&rsquo;est +la baraka+, j&rsquo;ai pas \u00e9t\u00e9 bless\u00e9 mais j&rsquo;ai perdu beaucoup de camarades\u00a0\u00bb, souffle-t-il.<br>Puis il sera mobilis\u00e9 pour la guerre d&rsquo;Alg\u00e9rie, pendant deux longues ann\u00e9es.<br>Alors, cette obligation de passer six mois par an en France, M. Diao l&rsquo;a v\u00e9cue avec incompr\u00e9hension et a souffert \u00ab\u00a0d&rsquo;isolement\u00a0\u00bb, n&rsquo;ayant pas les moyens pour faire venir sa famille.<br>Avec pudeur, il confie \u00eatre meurtri de ne pas avoir \u00e9t\u00e9 aux c\u00f4t\u00e9s de son \u00e9pouse quand elle est d\u00e9c\u00e9d\u00e9e en 2017. \u00ab\u00a0Je la perds comme \u00e7a, sans \u00eatre pr\u00e9sent&#8230; nous avons fait 40 ans de mariage, \u00e7a faisait mal !\u00a0\u00bb.<br>En 2015, il se rend au S\u00e9n\u00e9gal deux fois (au lieu d&rsquo;une fois r\u00e9glementaire) pour s&rsquo;occuper d&rsquo;elle. Il est depuis 2016 sanctionn\u00e9 par l&rsquo;administration fran\u00e7aise qui lui pr\u00e9l\u00e8ve 66 euros par mois, et lui r\u00e9clame encore plus de 13.000 euros.<br>\u00ab\u00a0Par rapport \u00e0 ma carri\u00e8re militaire, c&rsquo;est dur&#8230;\u00a0\u00bb, l\u00e2che M. Diao.<br>Selon lui, les derni\u00e8res mesures gouvernementales arrivent ainsi \u00ab\u00a0tard\u00a0\u00bb. Cela a \u00ab\u00a0mis trop de temps pour co\u00efncider avec notre vie&#8230;\u00a0\u00bb.<br>Mais \u00ab\u00a0mieux vaut tard que jamais\u00a0\u00bb, conc\u00e8de-t-il, \u00e9voquant sa joie de revoir ses petits et arri\u00e8re-petits-enfants. \u00ab\u00a0Je vais bien vivre, je vais manger, je vais me promener dans le village\u00a0\u00bb.<br>A\u00efssata Seck est \u00ab\u00a0tr\u00e8s contente\u00a0\u00bb pour les neuf tirailleurs, qui \u00ab\u00a0rentrent de mani\u00e8re sereine\u00a0\u00bb. \u00ab\u00a0C&rsquo;est le retour de leur dignit\u00e9\u00a0\u00bb, lance-t-elle.<\/p>\n\n\n\n<p>Source &#8211; seneweb<\/p>\n","protected":false},"excerpt":{"rendered":"<p>\u00ab\u00a0Nous rentrons chez nous pour vivre avec nos petits-enfants\u00a0\u00bb apr\u00e8s \u00ab\u00a0les affres de la guerre et de la vie\u00a0\u00bb: v\u00e9t\u00e9ran<\/p>\n","protected":false},"author":1,"featured_media":11074,"comment_status":"open","ping_status":"open","sticky":false,"template":"","format":"standard","meta":{"footnotes":""},"categories":[21],"tags":[],"class_list":["post-11073","post","type-post","status-publish","format-standard","has-post-thumbnail","hentry","category-societe"],"_links":{"self":[{"href":"https:\/\/dekkbi.com\/index.php?rest_route=\/wp\/v2\/posts\/11073","targetHints":{"allow":["GET"]}}],"collection":[{"href":"https:\/\/dekkbi.com\/index.php?rest_route=\/wp\/v2\/posts"}],"about":[{"href":"https:\/\/dekkbi.com\/index.php?rest_route=\/wp\/v2\/types\/post"}],"author":[{"embeddable":true,"href":"https:\/\/dekkbi.com\/index.php?rest_route=\/wp\/v2\/users\/1"}],"replies":[{"embeddable":true,"href":"https:\/\/dekkbi.com\/index.php?rest_route=%2Fwp%2Fv2%2Fcomments&post=11073"}],"version-history":[{"count":1,"href":"https:\/\/dekkbi.com\/index.php?rest_route=\/wp\/v2\/posts\/11073\/revisions"}],"predecessor-version":[{"id":11075,"href":"https:\/\/dekkbi.com\/index.php?rest_route=\/wp\/v2\/posts\/11073\/revisions\/11075"}],"wp:featuredmedia":[{"embeddable":true,"href":"https:\/\/dekkbi.com\/index.php?rest_route=\/wp\/v2\/media\/11074"}],"wp:attachment":[{"href":"https:\/\/dekkbi.com\/index.php?rest_route=%2Fwp%2Fv2%2Fmedia&parent=11073"}],"wp:term":[{"taxonomy":"category","embeddable":true,"href":"https:\/\/dekkbi.com\/index.php?rest_route=%2Fwp%2Fv2%2Fcategories&post=11073"},{"taxonomy":"post_tag","embeddable":true,"href":"https:\/\/dekkbi.com\/index.php?rest_route=%2Fwp%2Fv2%2Ftags&post=11073"}],"curies":[{"name":"wp","href":"https:\/\/api.w.org\/{rel}","templated":true}]}}