{"id":11052,"date":"2023-04-27T10:24:53","date_gmt":"2023-04-27T10:24:53","guid":{"rendered":"https:\/\/dekkbi.com\/?p=11052"},"modified":"2023-04-27T10:24:53","modified_gmt":"2023-04-27T10:24:53","slug":"nomination-macky-place-diouf-sarr-a-la-tete-du-fonsis","status":"publish","type":"post","link":"https:\/\/dekkbi.com\/?p=11052","title":{"rendered":"Nomination : Macky place Diouf Sarr \u00e0 la t\u00eate du Fonsis !"},"content":{"rendered":"\n<p>&nbsp;C\u2019est l\u2019une des nominations act\u00e9es en Conseil des ministres de ce mercredi. Abdoulaye Diouf Sarr, actuellement vice-pr\u00e9sident de l\u2019Assembl\u00e9e nationale, a \u00e9t\u00e9 nomm\u00e9 Directeur g\u00e9n\u00e9ral du Fonds Souverain d\u2019Investissements strat\u00e9giques (Fonsis). Ci-dessous l\u2019int\u00e9gralit\u00e9 des nominations en Conseil des ministres.<\/p>\n\n\n\n<p>Le Pr\u00e9sident de la R\u00e9publique a pris les d\u00e9cisions suivantes :<br><br>Monsieur Abdoulaye Diouf SARR, Economiste, est nomm\u00e9 Directeur g\u00e9n\u00e9ral du Fonds Souverain d\u2019Investissements strat\u00e9giques (FONSIS), en remplacement de Monsieur Pape Demba Diallo ;<br><br>Monsieur Mamadou Babacar NDIAYE, Professeur titulaire des Universit\u00e9s, est nomm\u00e9 Recteur de l\u2019Universit\u00e9 Iba Der Thiam de Thi\u00e8s ;<br><br>Le Colonel de Gendarmerie Jean Bertrand BOCANDE, pr\u00e9c\u00e9demment Directeur de l\u2019Administration p\u00e9nitentiaire, est nomm\u00e9 Directeur g\u00e9n\u00e9ral de l\u2019Administration p\u00e9nitentiaire.<\/p>\n\n\n\n<p>Source &#8211; iGFM<\/p>\n","protected":false},"excerpt":{"rendered":"<p>&nbsp;C\u2019est l\u2019une des nominations act\u00e9es en Conseil des ministres de ce mercredi. Abdoulaye Diouf Sarr, actuellement vice-pr\u00e9sident de l\u2019Assembl\u00e9e nationale,<\/p>\n","protected":false},"author":1,"featured_media":11053,"comment_status":"open","ping_status":"open","sticky":false,"template":"","format":"standard","meta":{"footnotes":""},"categories":[6],"tags":[],"class_list":["post-11052","post","type-post","status-publish","format-standard","has-post-thumbnail","hentry","category-politics"],"_links":{"self":[{"href":"https:\/\/dekkbi.com\/index.php?rest_route=\/wp\/v2\/posts\/11052","targetHints":{"allow":["GET"]}}],"collection":[{"href":"https:\/\/dekkbi.com\/index.php?rest_route=\/wp\/v2\/posts"}],"about":[{"href":"https:\/\/dekkbi.com\/index.php?rest_route=\/wp\/v2\/types\/post"}],"author":[{"embeddable":true,"href":"https:\/\/dekkbi.com\/index.php?rest_route=\/wp\/v2\/users\/1"}],"replies":[{"embeddable":true,"href":"https:\/\/dekkbi.com\/index.php?rest_route=%2Fwp%2Fv2%2Fcomments&post=11052"}],"version-history":[{"count":1,"href":"https:\/\/dekkbi.com\/index.php?rest_route=\/wp\/v2\/posts\/11052\/revisions"}],"predecessor-version":[{"id":11054,"href":"https:\/\/dekkbi.com\/index.php?rest_route=\/wp\/v2\/posts\/11052\/revisions\/11054"}],"wp:featuredmedia":[{"embeddable":true,"href":"https:\/\/dekkbi.com\/index.php?rest_route=\/wp\/v2\/media\/11053"}],"wp:attachment":[{"href":"https:\/\/dekkbi.com\/index.php?rest_route=%2Fwp%2Fv2%2Fmedia&parent=11052"}],"wp:term":[{"taxonomy":"category","embeddable":true,"href":"https:\/\/dekkbi.com\/index.php?rest_route=%2Fwp%2Fv2%2Fcategories&post=11052"},{"taxonomy":"post_tag","embeddable":true,"href":"https:\/\/dekkbi.com\/index.php?rest_route=%2Fwp%2Fv2%2Ftags&post=11052"}],"curies":[{"name":"wp","href":"https:\/\/api.w.org\/{rel}","templated":true}]}}