{"id":10977,"date":"2023-04-25T11:21:43","date_gmt":"2023-04-25T11:21:43","guid":{"rendered":"https:\/\/dekkbi.com\/?p=10977"},"modified":"2023-04-25T11:21:45","modified_gmt":"2023-04-25T11:21:45","slug":"en-visite-sur-lile-le-president-du-guatemala-sengage-a-soutenir-taiwan","status":"publish","type":"post","link":"https:\/\/dekkbi.com\/?p=10977","title":{"rendered":"En visite sur l&rsquo;\u00eele, le pr\u00e9sident du Guatemala s&rsquo;engage \u00e0 soutenir Ta\u00efwan"},"content":{"rendered":"\n<p><a href=\"https:\/\/www.addthis.com\/bookmark.php?v=300\"><\/a><a href=\"https:\/\/www.addthis.com\/bookmark.php?v=300\"><\/a><a rel=\"noreferrer noopener\" href=\"https:\/\/www.addthis.com\/bookmark.php?v=300\" target=\"_blank\"><\/a><a rel=\"noreferrer noopener\" href=\"https:\/\/www.addthis.com\/bookmark.php?v=300\" target=\"_blank\"><\/a>Le pr\u00e9sident du Guatemala, Alejandro Giammattei, s&rsquo;est engag\u00e9 mardi \u00e0 soutenir Ta\u00efwan, un \u00ab\u00a0solide alli\u00e9 diplomatique\u00a0\u00bb, au deuxi\u00e8me jour d&rsquo;une visite officielle sur l&rsquo;\u00eele, que son pays est l&rsquo;un des derniers \u00e0 reconna\u00eetre diplomatiquement.<\/p>\n\n\n\n<p>A l&rsquo;heure o\u00f9 P\u00e9kin s&rsquo;efforce d&rsquo;isoler Taipei sur la sc\u00e8ne internationale, le Guatemala figure toujours sur la courte liste des 13 pays reconnaissant diplomatiquement Ta\u00efwan.<\/p>\n\n\n\n<p>\u00ab\u00a0Soyons solidaires de ceux qui sont en \u00e9tat de si\u00e8ge permanent instaur\u00e9 depuis l&rsquo;autre c\u00f4t\u00e9 du d\u00e9troit de Ta\u00efwan\u00a0\u00bb, a d\u00e9clar\u00e9 mardi M. Giammattei devant le Parlement ta\u00efwanais, appelant \u00e0 mettre fin \u00e0 l&rsquo;agression chinoise sur l&rsquo;\u00eele.<\/p>\n\n\n\n<p>Devant les parlementaires ta\u00efwanais, le pr\u00e9sident guat\u00e9malt\u00e8que a \u00e9galement r\u00e9it\u00e9r\u00e9 son plein soutien \u00e0 la souverainet\u00e9 de Ta\u00efwan. \u00ab\u00a0Le Guatemala maintient sa position inalt\u00e9rable en faveur de la reconnaissance de Ta\u00efwan comme nation ind\u00e9pendante\u00a0\u00bb, a-t-il martel\u00e9.<\/p>\n\n\n\n<p>Plus t\u00f4t dans la journ\u00e9e, M. Giammattei avait d\u00e9j\u00e0 d\u00e9clar\u00e9 lors d&rsquo;une c\u00e9r\u00e9monie d&rsquo;accueil \u00e0 Taipei que \u00ab\u00a0le Guatemala (continuerait) de soutenir la R\u00e9publique de Ta\u00efwan comme un solide alli\u00e9 diplomatique\u00a0\u00bb, ajoutant \u00ab\u00a0qu&rsquo;il approfondira ses relations (avec l&rsquo;\u00eele) dans tous les domaines\u00a0\u00bb.<\/p>\n\n\n\n<p><a><\/a><a href=\"https:\/\/information.tv5monde.com\/info\/en-visite-sur-l-ile-le-president-du-guatemala-s-engage-soutenir-taiwan-496444#photo1\"><\/a><a href=\"https:\/\/information.tv5monde.com\/video\/jpg\/7f8d9fd7-fa7a-41f7-bd97-d33edc7a4ece.jpg\"><\/a><a href=\"https:\/\/information.tv5monde.com\/video\/qt-hi\/7f8d9fd7-fa7a-41f7-bd97-d33edc7a4ece.640x360.mp4\"><\/a>La visite d&rsquo;Alejandro Giammattei, qui a atterri lundi sur l&rsquo;\u00eele, intervient trois semaines apr\u00e8s une tourn\u00e9e en Am\u00e9rique centrale de la pr\u00e9sidente ta\u00efwanaise Tsai Ing-wen.<\/p>\n\n\n\n<p>Elle s&rsquo;\u00e9tait rendue au Guatemala et au Belize, les deux seuls pays de la r\u00e9gion \u00e0 encore entretenir des relations diplomatiques officielles avec l&rsquo;\u00eele, apr\u00e8s la rupture des relations diplomatiques fin mars par le Honduras au profit de P\u00e9kin.<\/p>\n\n\n\n<p>&#8211; \u00ab\u00a0Nouvelles opportunit\u00e9s de coop\u00e9ration\u00a0\u00bb &#8211;<\/p>\n\n\n\n<p>La Chine estime que Ta\u00efwan est l&rsquo;une de ses provinces, qu&rsquo;elle n&rsquo;a pas encore r\u00e9ussi \u00e0 r\u00e9unifier avec le reste de son territoire depuis la fin de la guerre civile chinoise en 1949.<\/p>\n\n\n\n<p>Durant son voyage, qui prendra fin jeudi, le chef de l&rsquo;Etat guat\u00e9malt\u00e8que doit \u00e9galement visiter une entreprise de technologie situ\u00e9e au sud de Taipei, selon le bureau de la pr\u00e9sidente ta\u00efwanaise.<\/p>\n\n\n\n<p>\u00ab\u00a0J&rsquo;attends avec impatience que nos pays approfondissent leurs relations et explorent de nouvelles opportunit\u00e9s de coop\u00e9ration lors de cette visite\u00a0\u00bb, a r\u00e9agi de son c\u00f4t\u00e9 la pr\u00e9sidente de l&rsquo;\u00eele d\u00e9mocratique.<\/p>\n\n\n\n<p>Interrog\u00e9e sur cette rencontre, une porte-parole du minist\u00e8re chinois des Affaires \u00e9trang\u00e8res, Mao Ning, a d\u00e9clar\u00e9 lundi que \u00ab\u00a0le d\u00e9veloppement de relations avec la Chine serait en phase avec les int\u00e9r\u00eats fondamentaux du Guatemala et les aspirations de son peuple\u00a0\u00bb.<\/p>\n\n\n\n<p>A l&rsquo;issue de sa tourn\u00e9e en Am\u00e9rique centrale, Mme Tsai avait rencontr\u00e9 \u00e0 Los Angeles le pr\u00e9sident r\u00e9publicain de la Chambre am\u00e9ricaine des repr\u00e9sentants, Kevin McCarthy.<\/p>\n\n\n\n<p>Cette rencontre avait suscit\u00e9 la col\u00e8re de P\u00e9kin qui avait ripost\u00e9 avec trois jours d&rsquo;importantes manoeuvres militaires autour de Ta\u00efwan.<video preload=\"auto\" src=\"https:\/\/information.tv5monde.com\/sites\/info.tv5monde.com\/files\/jwplayerfield\/7f8d9fd7-fa7a-41f7-bd97-d33edc7a4ece.640x360.mp4\"><\/video>Lire la vid\u00e9o<\/p>\n\n\n\n<p><a href=\"https:\/\/information.tv5monde.com\/auteur\/afp\">AFP<\/a><\/p>\n\n\n\n<p>\u00a9 2023 AFP<\/p>\n\n\n\n<p>Mise \u00e0 jour 25.04.2023 \u00e0 12:00<\/p>\n","protected":false},"excerpt":{"rendered":"<p>Le pr\u00e9sident du Guatemala, Alejandro Giammattei, s&rsquo;est engag\u00e9 mardi \u00e0 soutenir Ta\u00efwan, un \u00ab\u00a0solide alli\u00e9 diplomatique\u00a0\u00bb, au deuxi\u00e8me jour d&rsquo;une<\/p>\n","protected":false},"author":1,"featured_media":10978,"comment_status":"open","ping_status":"open","sticky":false,"template":"","format":"standard","meta":{"footnotes":""},"categories":[51],"tags":[],"class_list":["post-10977","post","type-post","status-publish","format-standard","has-post-thumbnail","hentry","category-general"],"_links":{"self":[{"href":"https:\/\/dekkbi.com\/index.php?rest_route=\/wp\/v2\/posts\/10977","targetHints":{"allow":["GET"]}}],"collection":[{"href":"https:\/\/dekkbi.com\/index.php?rest_route=\/wp\/v2\/posts"}],"about":[{"href":"https:\/\/dekkbi.com\/index.php?rest_route=\/wp\/v2\/types\/post"}],"author":[{"embeddable":true,"href":"https:\/\/dekkbi.com\/index.php?rest_route=\/wp\/v2\/users\/1"}],"replies":[{"embeddable":true,"href":"https:\/\/dekkbi.com\/index.php?rest_route=%2Fwp%2Fv2%2Fcomments&post=10977"}],"version-history":[{"count":1,"href":"https:\/\/dekkbi.com\/index.php?rest_route=\/wp\/v2\/posts\/10977\/revisions"}],"predecessor-version":[{"id":10979,"href":"https:\/\/dekkbi.com\/index.php?rest_route=\/wp\/v2\/posts\/10977\/revisions\/10979"}],"wp:featuredmedia":[{"embeddable":true,"href":"https:\/\/dekkbi.com\/index.php?rest_route=\/wp\/v2\/media\/10978"}],"wp:attachment":[{"href":"https:\/\/dekkbi.com\/index.php?rest_route=%2Fwp%2Fv2%2Fmedia&parent=10977"}],"wp:term":[{"taxonomy":"category","embeddable":true,"href":"https:\/\/dekkbi.com\/index.php?rest_route=%2Fwp%2Fv2%2Fcategories&post=10977"},{"taxonomy":"post_tag","embeddable":true,"href":"https:\/\/dekkbi.com\/index.php?rest_route=%2Fwp%2Fv2%2Ftags&post=10977"}],"curies":[{"name":"wp","href":"https:\/\/api.w.org\/{rel}","templated":true}]}}