{"id":10975,"date":"2023-04-25T11:18:46","date_gmt":"2023-04-25T11:18:46","guid":{"rendered":"https:\/\/dekkbi.com\/?p=10975"},"modified":"2023-04-25T11:18:47","modified_gmt":"2023-04-25T11:18:47","slug":"cent-jours-de-macron-borne-expose-la-feuille-de-route-mercredi-a-lelysee","status":"publish","type":"post","link":"https:\/\/dekkbi.com\/?p=10975","title":{"rendered":"\u00ab\u00a0Cent jours\u00a0\u00bb de Macron: Borne expose la feuille de route mercredi \u00e0 l&rsquo;Elys\u00e9e"},"content":{"rendered":"\n<p><a href=\"https:\/\/www.addthis.com\/bookmark.php?v=300\"><\/a><a href=\"https:\/\/www.addthis.com\/bookmark.php?v=300\"><\/a><a rel=\"noreferrer noopener\" href=\"https:\/\/www.addthis.com\/bookmark.php?v=300\" target=\"_blank\"><\/a><a rel=\"noreferrer noopener\" href=\"https:\/\/www.addthis.com\/bookmark.php?v=300\" target=\"_blank\"><\/a>\u00c9lisabeth Borne pr\u00e9sente mercredi, \u00e0 l&rsquo;occasion du Conseil des ministres, la feuille de route des \u00ab\u00a0cent jours\u00a0\u00bb lanc\u00e9s le 17 avril par Emmanuel Macron pour relancer son quinquennat apr\u00e8s l&rsquo;adoption chaotique de la r\u00e9forme des retraites.<\/p>\n\n\n\n<p>La Premi\u00e8re ministre exposera le programme gouvernemental, puis s&rsquo;exprimera lors d&rsquo;un point-presse \u00e0 l&rsquo;issue du Conseil des ministres pr\u00e9vu mercredi matin au Palais de l\u2019\u00c9lys\u00e9e.<\/p>\n\n\n\n<p>Elle sera ensuite, jeudi \u00e0 partir de 7h30, invit\u00e9e des \u00ab\u00a04 v\u00e9rit\u00e9s\u00a0\u00bb de France 2.<\/p>\n\n\n\n<p>Le 17 avril, lors de son adresse aux Fran\u00e7ais, Emmanuel Macron s&rsquo;est donn\u00e9 \u00ab\u00a0cent jours d&rsquo;apaisement\u00a0\u00bb et \u00ab\u00a0d&rsquo;action\u00a0\u00bb pour tenter de sortir de la s\u00e9quence des retraites, chargeant Mme Borne d&rsquo;en pr\u00e9senter les grands axes, avec un \u00ab\u00a0premier bilan\u00a0\u00bb au \u00ab\u00a014 juillet\u00a0\u00bb.<\/p>\n\n\n\n<p>Mais l&rsquo;inconnue demeure sur la capacit\u00e9 de l&rsquo;ex\u00e9cutif \u00e0 faire adopter des textes sensibles \u00e0 l&rsquo;Assembl\u00e9e, faute de majorit\u00e9 absolue.<\/p>\n\n\n\n<p>Le pr\u00e9sident de la R\u00e9publique, a cit\u00e9 trois \u00ab\u00a0chantiers prioritaires\u00a0\u00bb: travail; \u00ab\u00a0justice et ordre r\u00e9publicain et d\u00e9mocratique\u00a0\u00bb; et le service public, incluant \u00e9cole et sant\u00e9. Il a, depuis son allocution, esquiss\u00e9 quelques pistes.<\/p>\n\n\n\n<p>Sur le volet travail, il a r\u00e9cemment \u00e9voqu\u00e9 un texte de loi transposant \u00ab\u00a0tr\u00e8s vite\u00a0\u00bb l&rsquo;accord national interprofessionnel sur le \u00ab\u00a0partage de la valeur\u00a0\u00bb en entreprise, conclu entre les organisations patronales et syndicales.<\/p>\n\n\n\n<p>Il a \u00e9galement cit\u00e9 un projet \u00ab\u00a0sur France Travail (transformation de P\u00f4le Emploi, NDLR) et sur les lyc\u00e9es professionnels, sur lesquels on doit avancer d&rsquo;ici l&rsquo;\u00e9t\u00e9\u00a0\u00bb.<\/p>\n\n\n\n<p><a><\/a><a href=\"https:\/\/information.tv5monde.com\/info\/cent-jours-de-macron-borne-expose-la-feuille-de-route-mercredi-l-elysee-496467#photo2\"><\/a><a href=\"https:\/\/information.tv5monde.com\/video\/jpg\/dd519e73-2529-4d28-9e56-b70e4ce9a2eb.jpg\"><\/a><a href=\"https:\/\/information.tv5monde.com\/video\/qt-hi\/dd519e73-2529-4d28-9e56-b70e4ce9a2eb.640x360.mp4\"><\/a>Sur le volet immigration, M. Macron a pr\u00e9cis\u00e9 ses vues dans un entretien avec des lecteurs du Parisien, en pr\u00f4nant \u00ab\u00a0un seul texte\u00a0\u00bb pour \u00ab\u00a0durcir nos r\u00e8gles\u00a0\u00bb en mati\u00e8re d&rsquo;expulsion tout en am\u00e9liorant l&rsquo;int\u00e9gration. \u00c9cartant ainsi l&rsquo;hypoth\u00e8se d&rsquo;un projet d\u00e9coup\u00e9 en plusieurs textes pour faciliter son adoption, comme il l&rsquo;avait lui m\u00eame \u00e9voqu\u00e9e il y a un mois.<\/p>\n\n\n\n<p>Mais \u00ab\u00a0je ne sais pas vous dire quel sera le chemin. Il faut construire une majorit\u00e9 politique\u00a0\u00bb, a-t-il dit, interrog\u00e9 sur l&rsquo;\u00e9ventualit\u00e9 d&rsquo;une adoption au 49.3, apr\u00e8s que sa Premi\u00e8re ministre a d\u00e9clar\u00e9 ne plus vouloir y recourir, hors textes financiers.<\/p>\n\n\n\n<p>\u00ab\u00a0Le pr\u00e9sident de la R\u00e9publique r\u00e9forme et continuera \u00e0 r\u00e9former\u00a0\u00bb, a assur\u00e9 lundi soir sur LCI le porte-parole du gouvernement, Olivier V\u00e9ran, alors qu&rsquo;Emmanuel Macron a franchi lundi le premier anniversaire de sa r\u00e9\u00e9lection.<\/p>\n\n\n\n<p>\u00ab\u00a0Il y a des avanc\u00e9es pour les Fran\u00e7ais qui sont cons\u00e9quentes depuis six ans au-del\u00e0 de la r\u00e9forme des retraites dont chacun comprend que ce soit un moment de crispation dans ce mandat de dix ans qu&rsquo;ont confi\u00e9 les Fran\u00e7ais au pr\u00e9sident\u00a0\u00bb, a fait valoir M. V\u00e9ran.<\/p>\n\n\n\n<p>\u00ab\u00a0Nous nous rendons sur tout le territoire national et on continuera de le faire\u00a0\u00bb, a \u00e9galement dit le porte-parole, alors que plusieurs d\u00e9placements minist\u00e9riels ont \u00e9t\u00e9 chahut\u00e9s par des opposants \u00e0 la r\u00e9forme des retraites, comme le pr\u00e9sident lui-m\u00eame lors d&rsquo;un d\u00e9placement en Alsace.<video preload=\"auto\" src=\"https:\/\/information.tv5monde.com\/sites\/info.tv5monde.com\/files\/jwplayerfield\/dd519e73-2529-4d28-9e56-b70e4ce9a2eb.640x360.mp4\"><\/video>Lire la vid\u00e9o<\/p>\n\n\n\n<p><a href=\"https:\/\/information.tv5monde.com\/auteur\/afp\">AFP<\/a><\/p>\n\n\n\n<p>\u00a9 2023 AFP<\/p>\n\n\n\n<p>Mise \u00e0 jour 25.04.2023 \u00e0 13<\/p>\n","protected":false},"excerpt":{"rendered":"<p>\u00c9lisabeth Borne pr\u00e9sente mercredi, \u00e0 l&rsquo;occasion du Conseil des ministres, la feuille de route des \u00ab\u00a0cent jours\u00a0\u00bb lanc\u00e9s le 17<\/p>\n","protected":false},"author":1,"featured_media":10525,"comment_status":"open","ping_status":"open","sticky":false,"template":"","format":"standard","meta":{"footnotes":""},"categories":[51],"tags":[],"class_list":["post-10975","post","type-post","status-publish","format-standard","has-post-thumbnail","hentry","category-general"],"_links":{"self":[{"href":"https:\/\/dekkbi.com\/index.php?rest_route=\/wp\/v2\/posts\/10975","targetHints":{"allow":["GET"]}}],"collection":[{"href":"https:\/\/dekkbi.com\/index.php?rest_route=\/wp\/v2\/posts"}],"about":[{"href":"https:\/\/dekkbi.com\/index.php?rest_route=\/wp\/v2\/types\/post"}],"author":[{"embeddable":true,"href":"https:\/\/dekkbi.com\/index.php?rest_route=\/wp\/v2\/users\/1"}],"replies":[{"embeddable":true,"href":"https:\/\/dekkbi.com\/index.php?rest_route=%2Fwp%2Fv2%2Fcomments&post=10975"}],"version-history":[{"count":1,"href":"https:\/\/dekkbi.com\/index.php?rest_route=\/wp\/v2\/posts\/10975\/revisions"}],"predecessor-version":[{"id":10976,"href":"https:\/\/dekkbi.com\/index.php?rest_route=\/wp\/v2\/posts\/10975\/revisions\/10976"}],"wp:featuredmedia":[{"embeddable":true,"href":"https:\/\/dekkbi.com\/index.php?rest_route=\/wp\/v2\/media\/10525"}],"wp:attachment":[{"href":"https:\/\/dekkbi.com\/index.php?rest_route=%2Fwp%2Fv2%2Fmedia&parent=10975"}],"wp:term":[{"taxonomy":"category","embeddable":true,"href":"https:\/\/dekkbi.com\/index.php?rest_route=%2Fwp%2Fv2%2Fcategories&post=10975"},{"taxonomy":"post_tag","embeddable":true,"href":"https:\/\/dekkbi.com\/index.php?rest_route=%2Fwp%2Fv2%2Ftags&post=10975"}],"curies":[{"name":"wp","href":"https:\/\/api.w.org\/{rel}","templated":true}]}}