{"id":10973,"date":"2023-04-25T11:14:20","date_gmt":"2023-04-25T11:14:20","guid":{"rendered":"https:\/\/dekkbi.com\/?p=10973"},"modified":"2023-04-25T11:14:21","modified_gmt":"2023-04-25T11:14:21","slug":"turquie-110-arrestations-pour-terrorisme-dont-de-nombreux-avocats-et-journalistes","status":"publish","type":"post","link":"https:\/\/dekkbi.com\/?p=10973","title":{"rendered":"Turquie: 110 arrestations pour \u201cterrorisme\u201d, dont de nombreux avocats et journalistes"},"content":{"rendered":"\n<p><strong>Au moins 110 personnes ont \u00e9t\u00e9 arr\u00eat\u00e9es mardi en Turquie dans le cadre d\u2019une op\u00e9ration \u201canti-terroriste\u201d visant le Parti des Travailleurs du Kurdistan (PKK), a rapport\u00e9 une source polici\u00e8re \u00e0 l\u2019AFP.<\/strong><\/p>\n\n\n\n<p>L\u2019op\u00e9ration, qui survient \u00e0 trois semaines d\u2019\u00e9lections cruciales pour la Turquie, a \u00e9t\u00e9 men\u00e9e dans 21 provinces du pays, dont celle de Diyarbakir (sud-est), \u00e0 majorit\u00e9 kurde.<\/p>\n\n\n\n<p><\/p>\n\n\n\n<p>Selon l\u2019association du barreau de Diyarbakir, interrog\u00e9e par l\u2019AFP, \u201cle nombre total d\u2019interpellations pourrait atteindre 150&Prime;, dont au moins \u201cune vingtaine d\u2019avocats, cinq journalistes, trois acteurs de th\u00e9\u00e2tre et un politicien\u201d, a-t-elle d\u00e9taill\u00e9. Les avocats sont interdits de tout contact avec leurs clients pendant 24 heures, a pr\u00e9cis\u00e9 l\u2019Association.<\/p>\n\n\n\n<p>\u201cLes domiciles de nombreuses personnes, dont des journalistes, des avocats et des dirigeants d\u2019ONG, ont \u00e9t\u00e9 perquisitionn\u00e9s aux premi\u00e8res heures de la matin\u00e9e\u201d affirme pour sa part l\u2019ONG de d\u00e9fense des libert\u00e9s MLSA.<\/p>\n\n\n\n<p>Les \u00e9lections pr\u00e9sidentielle et l\u00e9gislatives se tiennent le 14 mai en Turquie et seront d\u00e9cisives pour le maintien, ou non, du pr\u00e9sident Recep Tayip Erdogan et de son parti AKP, au pouvoir depuis deux d\u00e9cennies.<\/p>\n\n\n\n<p>L\u2019opposition pr\u00e9sente un front uni de six partis qui a d\u00e9sign\u00e9 un candidat unique \u00e0 la pr\u00e9sidence, Kemal Kili\u00e7daroglu, soutenu par le parti pro-kurde HDP.<\/p>\n","protected":false},"excerpt":{"rendered":"<p>Au moins 110 personnes ont \u00e9t\u00e9 arr\u00eat\u00e9es mardi en Turquie dans le cadre d\u2019une op\u00e9ration \u201canti-terroriste\u201d visant le Parti des<\/p>\n","protected":false},"author":1,"featured_media":3678,"comment_status":"open","ping_status":"open","sticky":false,"template":"","format":"standard","meta":{"footnotes":""},"categories":[51],"tags":[],"class_list":["post-10973","post","type-post","status-publish","format-standard","has-post-thumbnail","hentry","category-general"],"_links":{"self":[{"href":"https:\/\/dekkbi.com\/index.php?rest_route=\/wp\/v2\/posts\/10973","targetHints":{"allow":["GET"]}}],"collection":[{"href":"https:\/\/dekkbi.com\/index.php?rest_route=\/wp\/v2\/posts"}],"about":[{"href":"https:\/\/dekkbi.com\/index.php?rest_route=\/wp\/v2\/types\/post"}],"author":[{"embeddable":true,"href":"https:\/\/dekkbi.com\/index.php?rest_route=\/wp\/v2\/users\/1"}],"replies":[{"embeddable":true,"href":"https:\/\/dekkbi.com\/index.php?rest_route=%2Fwp%2Fv2%2Fcomments&post=10973"}],"version-history":[{"count":1,"href":"https:\/\/dekkbi.com\/index.php?rest_route=\/wp\/v2\/posts\/10973\/revisions"}],"predecessor-version":[{"id":10974,"href":"https:\/\/dekkbi.com\/index.php?rest_route=\/wp\/v2\/posts\/10973\/revisions\/10974"}],"wp:featuredmedia":[{"embeddable":true,"href":"https:\/\/dekkbi.com\/index.php?rest_route=\/wp\/v2\/media\/3678"}],"wp:attachment":[{"href":"https:\/\/dekkbi.com\/index.php?rest_route=%2Fwp%2Fv2%2Fmedia&parent=10973"}],"wp:term":[{"taxonomy":"category","embeddable":true,"href":"https:\/\/dekkbi.com\/index.php?rest_route=%2Fwp%2Fv2%2Fcategories&post=10973"},{"taxonomy":"post_tag","embeddable":true,"href":"https:\/\/dekkbi.com\/index.php?rest_route=%2Fwp%2Fv2%2Ftags&post=10973"}],"curies":[{"name":"wp","href":"https:\/\/api.w.org\/{rel}","templated":true}]}}