{"id":10961,"date":"2023-04-25T10:33:40","date_gmt":"2023-04-25T10:33:40","guid":{"rendered":"https:\/\/dekkbi.com\/?p=10961"},"modified":"2023-04-25T10:33:41","modified_gmt":"2023-04-25T10:33:41","slug":"gestion-des-hydrocarbures-et-niveau-dendettement-du-senegal-arona-coumba-ndoffene-diouf-exprime-ses-inquietudes","status":"publish","type":"post","link":"https:\/\/dekkbi.com\/?p=10961","title":{"rendered":"Gestion des hydrocarbures et niveau d\u2019endettement du S\u00e9n\u00e9gal : Arona Coumba Ndoff\u00e8ne Diouf exprime ses inqui\u00e9tudes"},"content":{"rendered":"\n<p><strong>Candidat d\u00e9clar\u00e9 \u00e0 la candidature de l\u2019\u00e9lection pr\u00e9sidentielle de f\u00e9vrier 2024, le professeur Arona Coumba Ndoff\u00e8ne Diouf se dit tr\u00e8s pr\u00e9occup\u00e9 par la gestion des hydrocarbures et le niveau d\u2019endettement du S\u00e9n\u00e9gal. Face \u00e0 la presse hier, lundi 24 avril 2023, le responsable moral de l\u2019Alternance Citoyenne And D\u00e9ffar S\u00e9n\u00e9gal (ACAD-S\u00e9n\u00e9gal) a ax\u00e9 son inqui\u00e9tude sur trois aspects dont le niveau tr\u00e8s inqui\u00e9tant de l\u2019endettement du S\u00e9n\u00e9gal, raison de la chert\u00e9 exacerb\u00e9e de la vie, sans pr\u00e9c\u00e9dent, dans le pays, et l\u2019absence de professionnalisme et d\u2019exp\u00e9rience des structures institutionnelles qui encadrent le secteur p\u00e9trolier et gazier s\u00e9n\u00e9galais au vu de la gouvernance non transparente et inefficace de l\u2019administration du pr\u00e9sident Macky Sall, sorti r\u00e9cemment de scandales financiers les plus graves de l\u2019histoire du pays.<\/strong><\/p>\n\n\n\n<p>\u00ab&nbsp;Je suis concern\u00e9 et tr\u00e8s pr\u00e9occup\u00e9 par la gouvernance des hydrocarbures s\u00e9n\u00e9galais par le pr\u00e9sident Macky Sall&nbsp;\u00bb, a d\u00e9clar\u00e9 sans fioritures le professeur Arona Coumba Ndoff\u00e8ne Diouf. Selon le pr\u00e9sident de Alternance Citoyenne And D\u00e9ffar S\u00e9n\u00e9gal (ACAD), \u00ab Aujourd\u2019hui, non seulement les autorit\u00e9s s\u00e9n\u00e9galaises ne sont pas pr\u00e9par\u00e9es \u00e0 cet enjeu \u00e9conomique majeur, mais encore la mise en place du cadre de gestion des revenus p\u00e9troliers et gaziers du pays est toujours dans le t\u00e2tonnement ou en cours, alors que les premiers barils sortiront du fond oc\u00e9anique dans quelques mois&nbsp;\u00bb. Et le candidat d\u00e9clar\u00e9 \u00e0 l\u2019\u00e9lection pr\u00e9sidentielle de 2024 d\u2019alerter, \u00ab&nbsp;je voudrai, ici, alerter mes compatriotes s\u00e9n\u00e9galaises et s\u00e9n\u00e9galais et l\u2019opinion internationale sur les manquements et l\u2019inaptitude du gouvernement du pr\u00e9sident Macky Sall, constat\u00e9s dans les divers aspects des cadres r\u00e9glementaires et institutionnels pour une bonne prise en charge de la gouvernance de nos ressources p\u00e9troli\u00e8res et gazi\u00e8res.&nbsp;\u00bb<\/p>\n\n\n\n<p>Concernant le niveau d\u2019endettement du pays, le pr\u00e9sident de Alternance Citoyenne And D\u00e9ffar S\u00e9n\u00e9gal (ACAD) soutient que \u00ab&nbsp;Le S\u00e9n\u00e9gal durant les vingt-trois d\u00e9cennies (c\u2019est-\u00e0-dire d\u2019Abdou Diouf jusqu\u2019au pr\u00e9sident Macky Sall), n\u2019a jamais connu un niveau d\u2019endettement au point d\u2019\u00eatre alert\u00e9 par tous les organismes internationaux&nbsp;\u00bb, notamment la Banque mondiale et le FMI en 2022. A l\u2019en croire, \u00ab&nbsp;tous les rapports que ces derniers ont donn\u00e9s au gouvernement s\u00e9n\u00e9galais, relevaient surtout du niveau de l\u2019inflation que le S\u00e9n\u00e9gal n\u2019a jamais connu dans l\u2019histoire. Et, ceci est d\u00fb simplement au fait que le pr\u00e9sident de la R\u00e9publique, a mis le pays \u00e0 un niveau tr\u00e8s inqui\u00e9tant d\u2019endettement.&nbsp;\u00bb D\u2019apr\u00e8s le responsable moral d\u2019ACAD-S\u00e9n\u00e9gal&nbsp;: \u00ab&nbsp;Le pr\u00e9sident m\u00eame a d\u00e9pass\u00e9 les limites de l\u2019UEMOA qui \u00e9tait arr\u00eat\u00e9 \u00e0 70%. Le S\u00e9n\u00e9gal est \u00e0 75%. Donc pourquoi tout cet endettement&nbsp;? C\u2019est simple, c\u2019est parce que le pr\u00e9sident voudrait faire des r\u00e9alisations de 2019 jusqu\u2019\u00e0 2024 et dire aux S\u00e9n\u00e9galais que je suis un bon travailleur.&nbsp;\u00bb<\/p>\n\n\n\n<p><strong>O.GOUDIABY<\/strong> &#8211; SUDQUOTIDEN<\/p>\n","protected":false},"excerpt":{"rendered":"<p>Candidat d\u00e9clar\u00e9 \u00e0 la candidature de l\u2019\u00e9lection pr\u00e9sidentielle de f\u00e9vrier 2024, le professeur Arona Coumba Ndoff\u00e8ne Diouf se dit tr\u00e8s<\/p>\n","protected":false},"author":1,"featured_media":10962,"comment_status":"open","ping_status":"open","sticky":false,"template":"","format":"standard","meta":{"footnotes":""},"categories":[3],"tags":[],"class_list":["post-10961","post","type-post","status-publish","format-standard","has-post-thumbnail","hentry","category-event-more-news"],"_links":{"self":[{"href":"https:\/\/dekkbi.com\/index.php?rest_route=\/wp\/v2\/posts\/10961","targetHints":{"allow":["GET"]}}],"collection":[{"href":"https:\/\/dekkbi.com\/index.php?rest_route=\/wp\/v2\/posts"}],"about":[{"href":"https:\/\/dekkbi.com\/index.php?rest_route=\/wp\/v2\/types\/post"}],"author":[{"embeddable":true,"href":"https:\/\/dekkbi.com\/index.php?rest_route=\/wp\/v2\/users\/1"}],"replies":[{"embeddable":true,"href":"https:\/\/dekkbi.com\/index.php?rest_route=%2Fwp%2Fv2%2Fcomments&post=10961"}],"version-history":[{"count":1,"href":"https:\/\/dekkbi.com\/index.php?rest_route=\/wp\/v2\/posts\/10961\/revisions"}],"predecessor-version":[{"id":10963,"href":"https:\/\/dekkbi.com\/index.php?rest_route=\/wp\/v2\/posts\/10961\/revisions\/10963"}],"wp:featuredmedia":[{"embeddable":true,"href":"https:\/\/dekkbi.com\/index.php?rest_route=\/wp\/v2\/media\/10962"}],"wp:attachment":[{"href":"https:\/\/dekkbi.com\/index.php?rest_route=%2Fwp%2Fv2%2Fmedia&parent=10961"}],"wp:term":[{"taxonomy":"category","embeddable":true,"href":"https:\/\/dekkbi.com\/index.php?rest_route=%2Fwp%2Fv2%2Fcategories&post=10961"},{"taxonomy":"post_tag","embeddable":true,"href":"https:\/\/dekkbi.com\/index.php?rest_route=%2Fwp%2Fv2%2Ftags&post=10961"}],"curies":[{"name":"wp","href":"https:\/\/api.w.org\/{rel}","templated":true}]}}